{"id":389612,"date":"2016-04-18T15:58:22","date_gmt":"2016-04-18T21:58:22","guid":{"rendered":"http:\/\/www.futboltotal.com.mx\/?p=389612"},"modified":"2016-04-18T16:01:49","modified_gmt":"2016-04-18T22:01:49","slug":"felix-fernandez-recordo-ascenso-del-atlante-1991","status":"publish","type":"post","link":"http:\/\/desarrollo.grupomedios.com\/futbol\/futbol-mexicano\/felix-fernandez-recordo-ascenso-del-atlante-1991\/2016\/04","title":{"rendered":"F\u00e9lix Fern\u00e1ndez record\u00f3 el ascenso del Atlante de 1991"},"content":{"rendered":"<p style=\"text-align: right;\"><em>\u201cMi nombre es <strong>F\u00e9lix Fern\u00e1ndez<\/strong>, soy portero del <strong>Atlante<\/strong>, uso el n\u00famero 12&#8230; Desde que ingres\u00e9 a este equipo, me dieron este escudo que est\u00e1 aqu\u00ed; con el tiempo aprend\u00ed a respetarlo, a quererlo. Hoy lo amo y quiero volver a jugar con \u00e9l en Primera Divisi\u00f3n&#8230;\u201d.<\/em><\/p>\n<p>[video_player]https:\/\/player.vimeo.com\/external\/163287305.hd.mp4?s=9c369806af383fa9bfde17b9ee9e80e828f72738&amp;profile_id=174[\/video_player]<\/p>\n<p>Fue en el torneo\u00a01990-91, los <em>Potros<\/em> se preparaban para la Final por el ascenso a Primera, de donde\u00a0cayeron un a\u00f1o antes. La forma en que termin\u00f3 aquello es un episodio atlantista legendario, que <a href=\"http:\/\/www.futboltotal.com.mx\/2016\/04\/atlante-100-anos-vida\/\" target=\"_blank\">en ocasi\u00f3n del centenario del Atlante<\/a>, <strong>F\u00e9lix Fern\u00e1ndez<\/strong> record\u00f3 para <strong>Futbol Total<\/strong>.<\/p>\n<p>\u201cFue un torneo largu\u00edsimo, porque se interpuso el Mundial de Italia 90 y hubo un espacio largo entre el descenso del <strong>Atlante<\/strong> y el arranque del siguiente torneo. La liguilla tambi\u00e9n fue larga, se hizo por grupos y se incluy\u00f3 tambi\u00e9n al campe\u00f3n de segunda A\u2026 una cosa muy loca\u201d.<\/p>\n<p style=\"text-align: center;\"><span style=\"color: #3366ff;\"><strong><a style=\"color: #3366ff;\" href=\"http:\/\/www.futboltotal.com.mx\/2016\/04\/11-ideal-historico-del-atlante\/\" target=\"_blank\">LEER M\u00c1S: El 11 ideal hist\u00f3rico del Atlante<\/a><\/strong><\/span><\/p>\n<p>El equipo\u00a0no inici\u00f3 bien la liguilla, por lo que cesaron al t\u00e9cnico Gilberto Guzm\u00e1n y lleg\u00f3 Ricardo La Volpe, aunque disfrazado como \u201casesor\u201d. <strong>Fern\u00e1ndez Christlieb<\/strong> recuerda que el equipo repunt\u00f3 y vivi\u00f3 tambi\u00e9n un episodio terror\u00edfico.<\/p>\n<p>\u201cEn Zacatepec \u00edbamos 2-2, en los \u00faltimos minutos hay un centro: salgo, choco con alguien, la pelota queda ah\u00ed, uno de mis compa\u00f1eros se mete a la porter\u00eda, hay un pase donde no hay fuera de lugar y cae el gol. Era la locura en el estadio porque con ese triunfo, estaban muy cerca de la Final y nosotros qued\u00e1bamos fuera\u201d.<\/p>\n<p>Sucedi\u00f3 entonces algo que encendi\u00f3 el ambiente: \u201cEl \u00e1rbitro no hab\u00eda visto que el juez de l\u00ednea hab\u00eda levantado su bandera; le avisamos, fue a consultarlo y el abanderado le dijo que hab\u00eda fuera de lugar en el centro, no en el pase del gol, as\u00ed que anularon el gol\u201d. El p\u00fablico enloqueci\u00f3.<\/p>\n<p>El partido tard\u00f3 10 minutos en reanudarse y cuando termin\u00f3, se desat\u00f3 el infierno: \u201cUna cacer\u00eda de cualquiera que no fuera de Zacatepec. Entramos al vestidor de milagro; aventaron piedras y luego supimos que corretearon a la afici\u00f3n del <strong>Atlante<\/strong> por la ciudad&#8230; Pasamos cuatro horas en el vestidor, la puerta solo se abr\u00eda para recibir heridos de la porra que hab\u00edan sido golpeados brutalmente: sangrando, descalabrados, fracturados, desmayados. Tuvo que llegar el ej\u00e9rcito para escoltarnos\u201d.<\/p>\n<p>Dentro del horror, <strong>F\u00e9lix Fern\u00e1ndez<\/strong> rescata algo: \u201cSe hizo una comuni\u00f3n muy fuerte con la gente que nos segu\u00eda. Hubo mucha solidaridad, ellos acabaron con nuestra ropa de concentraci\u00f3n y de juego incluso, porque la suya estaba ba\u00f1ada en sangre; los regresamos al DF con nosotros en el autob\u00fas: ellos en los asientos y nosotros parados\u201d.<\/p>\n<p><a href=\"http:\/\/www.futboltotal.com.mx\/wp-content\/uploads\/2016\/04\/felix2.jpg\" rel=\"attachment wp-att-389661\"><img decoding=\"async\" loading=\"lazy\" class=\"alignnone size-full wp-image-389661\" src=\"http:\/\/www.futboltotal.com.mx\/wp-content\/uploads\/2016\/04\/felix2.jpg\" alt=\"felix2\" srcset=\"http:\/\/desarrollo.grupomedios.com\/futbol\/wp-content\/uploads\/2016\/04\/felix2.jpg 820w, http:\/\/desarrollo.grupomedios.com\/futbol\/wp-content\/uploads\/2016\/04\/felix2-300x128.jpg 300w, http:\/\/desarrollo.grupomedios.com\/futbol\/wp-content\/uploads\/2016\/04\/felix2-768x328.jpg 768w\" sizes=\"(max-width: 820px) 100vw, 820px\" \/><\/a><\/p>\n<p>Eso fortaleci\u00f3 tambi\u00e9n el amor de los jugadores por ese <strong>Atlante<\/strong>, igual que toda esa \u00e9poca: \u201cVivir un descenso, permanecer en el equipo, jugar en plazas muy hostiles te hacen sentir m\u00e1s los colores\u2026 Adem\u00e1s gan\u00e1bamos poco dinero\u201d. Una parte de lo que obten\u00edan era un sueldo muy bajo y el resto era una ficha que dividida en: 25 por ciento al firmar, 25 por ciento si calificaban a liguilla y 50 por ciento si eran campeones.<\/p>\n<p>\u201cLos jugadores de m\u00e1s experiencia le invit\u00e1bamos el <em>lunch<\/em> a los novatos. Le d\u00e1bamos dinero a utileros o masajistas para que prepararan tortas para los viajes. Viaj\u00e1bamos en un cami\u00f3n que <em>To\u00f1o<\/em> Garc\u00eda -entonces presidente del club- hab\u00eda comprado y lo llam\u00e1bamos el <em>Agon\u00edas<\/em>, con la mitad de asientos y la mitad de atr\u00e1s con una gran sala, pero sumamente viejo, nos dej\u00f3 tirados varias veces\u201d.\u00a0El gesto de <strong>F\u00e9lix Fern\u00e1ndez<\/strong> est\u00e1 entre la nostalgia y una sonrisa, pero se vuelve serio al recordar la Final contra Pachuca.<\/p>\n<p style=\"text-align: center;\"><span style=\"color: #3366ff;\"><strong><a style=\"color: #3366ff;\" href=\"http:\/\/www.futboltotal.com.mx\/2016\/04\/atlante-100-anos-vida\/\" target=\"_blank\">LEER M\u00c1S: \u00a1Atlante, 100 a\u00f1os de vida!<\/a><\/strong><\/span><\/p>\n<p><span style=\"color: #ff0000;\">Final inesperado |<\/span>\u00a0\u201cEllos eran muy buen equipo, canchero, con jugadores de experiencia en Primera\u201d, cuenta <strong>F\u00e9lix<\/strong> de aquella Final que termin\u00f3 2-2 en la Ida, en el estadio Revoluci\u00f3n de Pachuca. \u201cTodo estaba programado para coronarnos en el Azulgrana, pero el rival fue sumamente defensivo y acabamos 0-0, as\u00ed que se program\u00f3 un tercer partido en Puebla, mi\u00e9rcoles a las 12 del d\u00eda\u201d.<\/p>\n<p>Hubo muchos hidalguenses, pues el gobernador del estado dio el d\u00eda libre: \u201cTambi\u00e9n un buen sector de atlantistas. Pero nadie imagin\u00f3 lo dram\u00e1tico que el partido llegar\u00eda a ser\u201d.\u00a0El duelo fue cerrado, con ambos equipos\u00a0muy\u00a0precavidos y lleg\u00f3 a penales: \u201cSe anotaron los 10 primeros, fuimos a muerte s\u00fabita y me toc\u00f3 tirar no por capacidad, sino porque ya no hab\u00eda nadie\u201d.<\/p>\n<p><strong>F\u00e9lix Fern\u00e1ndez<\/strong> recuerda una an\u00e9cdota: \u201cEl d\u00eda anterior entrenamos los penales. Cuando nos \u00edbamos, alguien me dijo \u2018Tira uno\u2019. Se puso Ren\u00e9 S\u00e1nchez, el otro portero, y lo mand\u00e9 a la tribuna. Entonces alguien dijo: \u2018No hay que tomar mucho vuelo\u2019. Y se me qued\u00f3. Al otro d\u00eda, en el juego, viene el \u00e1rbitro Arturo Brizio, me extiende la pelota y me dice: \u2018Vas\u2019. Me sorprend\u00ed, record\u00e9 lo de \u2018No hay que tomar mucho vuelo\u2019. No lo pens\u00e9 y cobr\u00e9 en una especie de inconsciencia\u201d.<\/p>\n<p>Sin dudar para no engarrotarse, <strong>F\u00e9lix<\/strong> clav\u00f3 aquella pelota con un derechazo y sell\u00f3 el regreso de los <em>Potros<\/em> a Primera.\u00a0Entre los gritos de &#8220;a huevo&#8221;, los jugadores entonaron un &#8220;A la bio, a la bao, a la bim, bom, ba&#8230; \u00a1<strong>ATLANTE<\/strong>, <strong>ATLANTE<\/strong>, R\u00c1, R\u00c1, R\u00c1!&#8221;.\u00a0Una porra de otros tiempos, en que los <em>Potros<\/em> cabalgaban en canchas de Primera. Hoy,\u00a0<strong>F\u00e9lix Fern\u00e1ndez<\/strong> lleva el escudo que ama tatuado en la pantorrilla derecha y espera que su <strong>Atlante<\/strong> pueda celebrar el a\u00f1o de su centenario\u00a0en Primera.<\/p>\n<p>[video_player]https:\/\/player.vimeo.com\/external\/163314213.hd.mp4?s=e864537b6d9dc8fee5ece3c4bf7099a8cec23a37&amp;profile_id=174[\/video_player]<\/p>\n","protected":false},"excerpt":{"rendered":"<p>&#8220;Me toc\u00f3 tirar no por capacidad, sino porque ya no hab\u00eda nadie&#8221;<\/p>\n","protected":false},"author":20,"featured_media":389670,"comment_status":"closed","ping_status":"closed","sticky":false,"template":"","format":"standard","meta":[],"categories":[3843,2198,5950],"tags":[432,5960],"_links":{"self":[{"href":"http:\/\/desarrollo.grupomedios.com\/futbol\/wp-json\/wp\/v2\/posts\/389612"}],"collection":[{"href":"http:\/\/desarrollo.grupomedios.com\/futbol\/wp-json\/wp\/v2\/posts"}],"about":[{"href":"http:\/\/desarrollo.grupomedios.com\/futbol\/wp-json\/wp\/v2\/types\/post"}],"author":[{"embeddable":true,"href":"http:\/\/desarrollo.grupomedios.com\/futbol\/wp-json\/wp\/v2\/users\/20"}],"replies":[{"embeddable":true,"href":"http:\/\/desarrollo.grupomedios.com\/futbol\/wp-json\/wp\/v2\/comments?post=389612"}],"version-history":[{"count":0,"href":"http:\/\/desarrollo.grupomedios.com\/futbol\/wp-json\/wp\/v2\/posts\/389612\/revisions"}],"wp:featuredmedia":[{"embeddable":true,"href":"http:\/\/desarrollo.grupomedios.com\/futbol\/wp-json\/wp\/v2\/media\/389670"}],"wp:attachment":[{"href":"http:\/\/desarrollo.grupomedios.com\/futbol\/wp-json\/wp\/v2\/media?parent=389612"}],"wp:term":[{"taxonomy":"category","embeddable":true,"href":"http:\/\/desarrollo.grupomedios.com\/futbol\/wp-json\/wp\/v2\/categories?post=389612"},{"taxonomy":"post_tag","embeddable":true,"href":"http:\/\/desarrollo.grupomedios.com\/futbol\/wp-json\/wp\/v2\/tags?post=389612"}],"curies":[{"name":"wp","href":"https:\/\/api.w.org\/{rel}","templated":true}]}}