{"id":389617,"date":"2016-04-18T13:24:21","date_gmt":"2016-04-18T19:24:21","guid":{"rendered":"http:\/\/www.futboltotal.com.mx\/?p=389617"},"modified":"2016-04-18T13:24:21","modified_gmt":"2016-04-18T19:24:21","slug":"duda-refuerzo-olimpico-defensa-volante","status":"publish","type":"post","link":"http:\/\/desarrollo.grupomedios.com\/futbol\/destacado-home\/duda-refuerzo-olimpico-defensa-volante\/2016\/04","title":{"rendered":"Duda sobre refuerzo ol\u00edmpico: \u00bfdefensa o volante?"},"content":{"rendered":"<p><strong>Ra\u00fal Guti\u00e9rrez<\/strong>, t\u00e9cnico de la <a href=\"http:\/\/www.futboltotal.com.mx\/futbol-mexicano\/seleccion-mexicana\/\" target=\"_blank\">selecci\u00f3n de M\u00e9xico Sub-23<\/a>, tiene decidido que un portero y un atacante ser\u00e1n refuerzos del <em>Tri<\/em> <strong>Ol\u00edmpico<\/strong>. Sin embargo, a\u00fan no decide en qu\u00e9 posici\u00f3n podr\u00eda utilizar al tercer jugador mayor de 23 a\u00f1os que llevar\u00e1 a R\u00edo 2016\u2026 \u00bfUn defensa o un volante?<\/p>\n<p>\u201cTenemos que ser muy minuciosos en ese an\u00e1lisis, para saber si puedes llevar un central o un volante. Normalmente, y esto no lo invent\u00e9 yo, se lleva a un delantero y a un portero, y ya un jugador que puede ser un volante&#8221;, declar\u00f3 el <em>Potro<\/em> <strong>Guti\u00e9rrez<\/strong>.<\/p>\n<p>&#8220;Vamos a ser muy minuciosos con la idea de que el equipo vaya bien reforzado, creo que tenemos buenos centrales&#8221;, agreg\u00f3.<\/p>\n<blockquote class=\"twitter-tweet\" data-lang=\"es\">\n<p dir=\"ltr\" lang=\"es\">&#8220;Es importante celebrar el \u00e9xito, pero es m\u00e1s importante prestar atenci\u00f3n a las lecciones del fracas\u00f3.&#8221;<br \/>\nBill Gates<br \/>\nABR 18<\/p>\n<p>\u2014 RAULGTZ.\u00ae (@Potropegaso21) <a href=\"https:\/\/twitter.com\/Potropegaso21\/status\/722108784496082949\">18 de abril de 2016<\/a><\/p><\/blockquote>\n<p><script src=\"\/\/platform.twitter.com\/widgets.js\" async=\"\" charset=\"utf-8\"><\/script><\/p>\n<p>Por otra parte, <strong>Ra\u00fal Guti\u00e9rrez<\/strong> exhort\u00f3 a los actuales convocados al <em>Tri<\/em> <strong>Ol\u00edmpico<\/strong> a luchar por uno de los 15 lugares disponibles en la lista final para menores de 23 a\u00f1os.<\/p>\n<p>&#8220;El esp\u00edritu que siempre hemos procurado para el equipo es el de ganarse un lugar no importa si los llama a una o a otra, es aportar lo mejor y buscarse un lugar. Tenemos tiempo&#8221;, afirm\u00f3.<\/p>\n<p style=\"text-align: center;\"><span style=\"color: #3366ff;\"><strong><a style=\"color: #3366ff;\" href=\"http:\/\/www.futboltotal.com.mx\/2016\/04\/rafa-marquez-los-refuerzos-rio-2016\/\">LEER M\u00c1S: Rafa M\u00e1rquez, entre los posibles refuerzos ol\u00edmpicos<\/a><\/strong><\/span><\/p>\n<p>Sobre la lista, el <em>Potro<\/em> mencion\u00f3 que a finales de mayo espera ya tener pr\u00e1cticamente a los elementos que estar\u00e1n en los <strong>Juegos Ol\u00edmpicos<\/strong> y claridad en cuanto a los tres refuerzos mayores.<\/p>\n<p>En tanto, esperar\u00e1 la conformaci\u00f3n de la liguilla del Clausura 216 para determinar al grupo que ir\u00e1 al Torneo de Toulon, el \u00faltimo gran examen del <em>Tri<\/em> <strong>Ol\u00edmpico<\/strong> previo a la justa veraniega.<\/p>\n","protected":false},"excerpt":{"rendered":"<p>Un portero y un delantero, contemplados por el Potro<\/p>\n","protected":false},"author":20,"featured_media":389618,"comment_status":"closed","ping_status":"closed","sticky":false,"template":"","format":"standard","meta":[],"categories":[5,3847],"tags":[5979,2377],"_links":{"self":[{"href":"http:\/\/desarrollo.grupomedios.com\/futbol\/wp-json\/wp\/v2\/posts\/389617"}],"collection":[{"href":"http:\/\/desarrollo.grupomedios.com\/futbol\/wp-json\/wp\/v2\/posts"}],"about":[{"href":"http:\/\/desarrollo.grupomedios.com\/futbol\/wp-json\/wp\/v2\/types\/post"}],"author":[{"embeddable":true,"href":"http:\/\/desarrollo.grupomedios.com\/futbol\/wp-json\/wp\/v2\/users\/20"}],"replies":[{"embeddable":true,"href":"http:\/\/desarrollo.grupomedios.com\/futbol\/wp-json\/wp\/v2\/comments?post=389617"}],"version-history":[{"count":0,"href":"http:\/\/desarrollo.grupomedios.com\/futbol\/wp-json\/wp\/v2\/posts\/389617\/revisions"}],"wp:featuredmedia":[{"embeddable":true,"href":"http:\/\/desarrollo.grupomedios.com\/futbol\/wp-json\/wp\/v2\/media\/389618"}],"wp:attachment":[{"href":"http:\/\/desarrollo.grupomedios.com\/futbol\/wp-json\/wp\/v2\/media?parent=389617"}],"wp:term":[{"taxonomy":"category","embeddable":true,"href":"http:\/\/desarrollo.grupomedios.com\/futbol\/wp-json\/wp\/v2\/categories?post=389617"},{"taxonomy":"post_tag","embeddable":true,"href":"http:\/\/desarrollo.grupomedios.com\/futbol\/wp-json\/wp\/v2\/tags?post=389617"}],"curies":[{"name":"wp","href":"https:\/\/api.w.org\/{rel}","templated":true}]}}