{"id":389658,"date":"2016-04-18T14:53:51","date_gmt":"2016-04-18T20:53:51","guid":{"rendered":"http:\/\/www.futboltotal.com.mx\/?p=389658"},"modified":"2016-04-18T18:13:52","modified_gmt":"2016-04-19T00:13:52","slug":"pablo-marini-deja-banquillo-del-puebla","status":"publish","type":"post","link":"http:\/\/desarrollo.grupomedios.com\/futbol\/futbol-mexicano\/pablo-marini-deja-banquillo-del-puebla\/2016\/04","title":{"rendered":"OFICIAL: Pablo Marini deja el banquillo del Puebla"},"content":{"rendered":"<p style=\"text-align: left;\">Medios nacionales, aseguraban al medio d\u00eda de este lunes 18 de abril, que la directiva del <strong><a href=\"http:\/\/www.futboltotal.com.mx\/equipos\/puebla\/\" target=\"_blank\">Puebla<\/a><\/strong> habr\u00eda hablado con <strong>Pablo Marini<\/strong> para dar por terminada su relaci\u00f3n, debido a malos resultados. Horas m\u00e1s tarde, la directiva de <em>la Franja<\/em> confirm\u00f3 la salida del estratega.<\/p>\n<p style=\"text-align: left;\"><a href=\"http:\/\/www.futboltotal.com.mx\/wp-content\/uploads\/2016\/04\/puebla.png\" rel=\"attachment wp-att-389664\"><img decoding=\"async\" loading=\"lazy\" class=\"alignnone size-full wp-image-389664\" src=\"http:\/\/www.futboltotal.com.mx\/wp-content\/uploads\/2016\/04\/puebla.png\" alt=\"puebla\" srcset=\"http:\/\/desarrollo.grupomedios.com\/futbol\/wp-content\/uploads\/2016\/04\/puebla.png 820w, http:\/\/desarrollo.grupomedios.com\/futbol\/wp-content\/uploads\/2016\/04\/puebla-300x110.png 300w, http:\/\/desarrollo.grupomedios.com\/futbol\/wp-content\/uploads\/2016\/04\/puebla-768x281.png 768w\" sizes=\"(max-width: 820px) 100vw, 820px\" \/><\/a><\/p>\n<p>Los recientes resultados del <strong>Puebla<\/strong>, que lo han alejado de puestos de liguilla y han metido al equipo nuevamente en problemas porcentuales, son los que habr\u00edan hecho que la familia L\u00f3pez Chargoy tomara la decisi\u00f3n de cesar a <strong>Pablo Marini<\/strong>.<\/p>\n<blockquote class=\"twitter-tweet\" data-lang=\"es\">\n<p dir=\"ltr\" lang=\"und\"><a href=\"https:\/\/twitter.com\/hashtag\/ComunicadoOficial?src=hash\">#ComunicadoOficial<\/a> <a href=\"https:\/\/t.co\/ZrClMbErp6\">pic.twitter.com\/ZrClMbErp6<\/a><\/p>\n<p>\u2014 Club Puebla (@PueblaFC) <a href=\"https:\/\/twitter.com\/PueblaFC\/status\/722198368861073409\">18 de abril de 2016<\/a><\/p><\/blockquote>\n<p><script src=\"\/\/platform.twitter.com\/widgets.js\" async=\"\" charset=\"utf-8\"><\/script><\/p>\n<p>Adem\u00e1s, <strong>Puebla<\/strong> se qued\u00f3 sin calificar a la fase de grupos de la Copa Libertadores, lo que le rest\u00f3 puntos a <strong>Pablo Marini<\/strong> este semestre, en el que s\u00f3lo ha sumado 15 puntos en 14 encuentros.<\/p>\n<p style=\"text-align: center;\"><span style=\"color: #3366ff;\"><strong><a style=\"color: #3366ff;\" href=\"http:\/\/www.futboltotal.com.mx\/2016\/04\/liguilla-al-momento-clausura-2016\/\" target=\"_blank\">LEER M\u00c1S: Liguilla al momento | Clausura 2016<\/a><\/strong><\/span><\/p>\n<p>Sin embargo, el estratega argentino\u00a0saldr\u00eda de <strong>Puebla<\/strong> en un momento poco adecuado, pues a tres jornadas del final del torneo regular del Clausura 2016, <em>la Franja<\/em> s\u00f3lo est\u00e1 a cinco puntos del octavo lugar de la competencia.<\/p>\n<p><strong>Pablo Marini<\/strong> tuvo estad\u00edsticas relativamente equilibradas con <strong>Puebla<\/strong>, pues de 33 partidos dirigidos en Liga MX, gan\u00f3 11, empat\u00f3 10 y perdi\u00f3 12.<\/p>\n<p><span style=\"color: #ff0000;\">VIDEO: TOP 5 | Goles de la jornada 14 del Clausura del 2016:<\/span><\/p>\n<p>[video_player]https:\/\/player.vimeo.com\/external\/163267540.hd.mp4?s=10f43e40a696163201eef8a8e67a8b23b503677a&amp;profile_id=174[\/video_player]<\/p>\n","protected":false},"excerpt":{"rendered":"<p>La directiva camotera dio a conocer la salida del estratega<\/p>\n","protected":false},"author":20,"featured_media":389659,"comment_status":"closed","ping_status":"closed","sticky":false,"template":"","format":"standard","meta":[],"categories":[2198,3845,5950],"tags":[4869,5969],"_links":{"self":[{"href":"http:\/\/desarrollo.grupomedios.com\/futbol\/wp-json\/wp\/v2\/posts\/389658"}],"collection":[{"href":"http:\/\/desarrollo.grupomedios.com\/futbol\/wp-json\/wp\/v2\/posts"}],"about":[{"href":"http:\/\/desarrollo.grupomedios.com\/futbol\/wp-json\/wp\/v2\/types\/post"}],"author":[{"embeddable":true,"href":"http:\/\/desarrollo.grupomedios.com\/futbol\/wp-json\/wp\/v2\/users\/20"}],"replies":[{"embeddable":true,"href":"http:\/\/desarrollo.grupomedios.com\/futbol\/wp-json\/wp\/v2\/comments?post=389658"}],"version-history":[{"count":0,"href":"http:\/\/desarrollo.grupomedios.com\/futbol\/wp-json\/wp\/v2\/posts\/389658\/revisions"}],"wp:featuredmedia":[{"embeddable":true,"href":"http:\/\/desarrollo.grupomedios.com\/futbol\/wp-json\/wp\/v2\/media\/389659"}],"wp:attachment":[{"href":"http:\/\/desarrollo.grupomedios.com\/futbol\/wp-json\/wp\/v2\/media?parent=389658"}],"wp:term":[{"taxonomy":"category","embeddable":true,"href":"http:\/\/desarrollo.grupomedios.com\/futbol\/wp-json\/wp\/v2\/categories?post=389658"},{"taxonomy":"post_tag","embeddable":true,"href":"http:\/\/desarrollo.grupomedios.com\/futbol\/wp-json\/wp\/v2\/tags?post=389658"}],"curies":[{"name":"wp","href":"https:\/\/api.w.org\/{rel}","templated":true}]}}