{"id":389690,"date":"2016-04-18T17:18:30","date_gmt":"2016-04-18T23:18:30","guid":{"rendered":"http:\/\/www.futboltotal.com.mx\/?p=389690"},"modified":"2016-04-18T20:41:11","modified_gmt":"2016-04-19T02:41:11","slug":"la-chofis-madera-juegos-olimpicos-fernando-quirarte","status":"publish","type":"post","link":"http:\/\/desarrollo.grupomedios.com\/futbol\/futbol-mexicano\/la-chofis-madera-juegos-olimpicos-fernando-quirarte\/2016\/04","title":{"rendered":"Chofis, con nivel para JO: Fernando Quirarte"},"content":{"rendered":"<p><strong>Fernando Quirarte<\/strong> se integrar\u00e1 al equipo de <em>La \u00daltima Palabra<\/em> de <em>Fox Sports<\/em> a partir de este lunes 18 de abril, por eso habl\u00f3 con <strong>Futbol Total<\/strong>, sobre su integraci\u00f3n al equipo de comentaristas de esa cadena, y tambi\u00e9n, del momento que atraviesa <strong><a href=\"http:\/\/www.futboltotal.com.mx\/equipos\/guadalajara\/\" target=\"_blank\">Chivas<\/a><\/strong> en el Clausura 2016.<\/p>\n<p>\u201cQu\u00e9 bueno que la directiva le tuvo paciencia a Mat\u00edas Almeyda, ahora ya se vio el cambio en el equipo y tiene contenta a la afici\u00f3n. Si consiguen su boleto a la liguilla, ser\u00e1n un serio candidato al t\u00edtulo\u201d, declar\u00f3 <em>El Sheriff<\/em>, en charla telef\u00f3nica.<\/p>\n<p>El buen momento de <strong>Chivas<\/strong> tambi\u00e9n se debe al futbol que ha mostrado <strong>Javier L\u00f3pez La Chofis<\/strong>, a quien <strong>Fernando Quirarte<\/strong> ve con nivel para acudir a los Juegos Ol\u00edmpicos de R\u00edo de Janeiro 2016.<\/p>\n<p>\u201cNo me gusta que le llamen <strong>La Chofis<\/strong>, preferir\u00eda que se dirigieran a \u00e9l como L\u00f3pez o por su nombre. Podr\u00eda ir a Juegos Ol\u00edmpicos, pero para eso hay que hablar directamente con \u00e9l, para plantearle esa posibilidad\u201d, agreg\u00f3 <em>El Sheriff<\/em>.<\/p>\n<p>Por otra parte, <strong>Fernando Quirarte<\/strong> se\u00f1ala que ya est\u00e1 listo para enfrentar su nuevo reto en <em>Fox Sports<\/em>, y se siente motivado por compartir los micr\u00f3fonos con comentaristas que \u00e9l admira. Adem\u00e1s, no teme que lo intimiden con la presencia del s\u00edmbolo del Am\u00e9rica, Daniel Brailovsky.<\/p>\n<p style=\"text-align: center;\"><span style=\"color: #3366ff;\"><strong><a style=\"color: #3366ff;\" href=\"http:\/\/www.futboltotal.com.mx\/2016\/04\/jorge-vergara-deja-omar-bravo-en-las-manos-matias-almeyda\/\" target=\"_blank\">LEER M\u00c1S: Omar Bravo, con futuro incierto en Chivas<\/a><\/strong><\/span><\/p>\n<p>&#8220;Estoy contento por \u00a0esta nueva experiencia, por compartir los micr\u00f3fonos con Alfonso Blanco, Andr\u00e9 Mar\u00edn&#8230; Aunque se van a topar con pared, si intentan confrontarme con Daniel Brailovsky (por la rivalidad entre <strong>Chivas<\/strong> y Am\u00e9rica), pues yo vengo tranquilo, a tomar mi papel con seriedad&#8221;, concluy\u00f3 el ex futbolista y director t\u00e9cnico.<\/p>\n<p><strong>Fernando Quirarte<\/strong> tendr\u00e1 su debut en <em>la \u00daltima Palabra<\/em>, la noche de este lunes 18 de abril y aparecer\u00e1 en su primer programa en vivo con <em>Fox Sports<\/em>, en el partido entre Pachuca y <strong>Chivas<\/strong>, a celebrarse el pr\u00f3ximo s\u00e1bado 23 de abril, en la capital hidalguense.<\/p>\n<p><span style=\"color: #ff0000;\">VIDEO: TOP 5 | Goles de la jornada 14 del Clausura del 2016:<\/span><\/p>\n<p>[video_player]https:\/\/player.vimeo.com\/external\/163267540.hd.mp4?s=10f43e40a696163201eef8a8e67a8b23b503677a&amp;profile_id=174[\/video_player]<\/p>\n","protected":false},"excerpt":{"rendered":"<p>El nuevo integrante de la \u00daltima Palabra, habla del momento de Chivas<\/p>\n","protected":false},"author":20,"featured_media":389696,"comment_status":"closed","ping_status":"closed","sticky":false,"template":"","format":"standard","meta":[],"categories":[2198,3845,5950],"tags":[70,832,1490,5134],"_links":{"self":[{"href":"http:\/\/desarrollo.grupomedios.com\/futbol\/wp-json\/wp\/v2\/posts\/389690"}],"collection":[{"href":"http:\/\/desarrollo.grupomedios.com\/futbol\/wp-json\/wp\/v2\/posts"}],"about":[{"href":"http:\/\/desarrollo.grupomedios.com\/futbol\/wp-json\/wp\/v2\/types\/post"}],"author":[{"embeddable":true,"href":"http:\/\/desarrollo.grupomedios.com\/futbol\/wp-json\/wp\/v2\/users\/20"}],"replies":[{"embeddable":true,"href":"http:\/\/desarrollo.grupomedios.com\/futbol\/wp-json\/wp\/v2\/comments?post=389690"}],"version-history":[{"count":0,"href":"http:\/\/desarrollo.grupomedios.com\/futbol\/wp-json\/wp\/v2\/posts\/389690\/revisions"}],"wp:featuredmedia":[{"embeddable":true,"href":"http:\/\/desarrollo.grupomedios.com\/futbol\/wp-json\/wp\/v2\/media\/389696"}],"wp:attachment":[{"href":"http:\/\/desarrollo.grupomedios.com\/futbol\/wp-json\/wp\/v2\/media?parent=389690"}],"wp:term":[{"taxonomy":"category","embeddable":true,"href":"http:\/\/desarrollo.grupomedios.com\/futbol\/wp-json\/wp\/v2\/categories?post=389690"},{"taxonomy":"post_tag","embeddable":true,"href":"http:\/\/desarrollo.grupomedios.com\/futbol\/wp-json\/wp\/v2\/tags?post=389690"}],"curies":[{"name":"wp","href":"https:\/\/api.w.org\/{rel}","templated":true}]}}