{"id":389726,"date":"2016-04-18T20:05:31","date_gmt":"2016-04-19T02:05:31","guid":{"rendered":"http:\/\/www.futboltotal.com.mx\/?p=389726"},"modified":"2016-04-18T20:05:31","modified_gmt":"2016-04-19T02:05:31","slug":"paul-aguilar-en-duda-america-final-concachampions","status":"publish","type":"post","link":"http:\/\/desarrollo.grupomedios.com\/futbol\/futbol-mexicano\/paul-aguilar-en-duda-america-final-concachampions\/2016\/04","title":{"rendered":"Paul Aguilar, en duda para final de Concachampions"},"content":{"rendered":"<p>Previo a la Final de Ida de la <strong>Concachampions<\/strong>, a celebrarse el pr\u00f3ximo mi\u00e9rcoles 20 de abril, <strong><a href=\"http:\/\/www.futboltotal.com.mx\/equipos\/america\/\" target=\"_blank\">Am\u00e9rica<\/a><\/strong> ya recibi\u00f3 su primer alarma, pues uno de sus futbolista m\u00e1s representativos, <strong>Paul Aguilar<\/strong>, est\u00e1 en duda para viajar con el equipo a la <em>Sultana del Norte<\/em>.<\/p>\n<p><strong>Paul Aguilar<\/strong> present\u00f3 molestias musculares en el entrenamiento del lunes 18, situaci\u00f3n por la que se le realizan pruebas m\u00e9dicas, para determinar si podr\u00e1 jugar la Final de Ida de la Liga de Campeones de la CONCACAF, frente a Tigres.<\/p>\n<p>Si se confirma la baja de <strong>Paul Aguilar<\/strong>, ser\u00edan cinco los futbolistas que <strong>Am\u00e9rica<\/strong> perder\u00eda para el primer duelo ante Tigres en <strong>Concachampions<\/strong>, por lo que tendr\u00e1n un duro reto en el <em>Volc\u00e1n<\/em>. Los otros jugadores que no podr\u00e1n ver acci\u00f3n son: Carlos Darwin Quintero, Michael Arroyo, William da Silva y Mois\u00e9s Mu\u00f1oz.<\/p>\n<p style=\"text-align: center;\"><span style=\"color: #3366ff;\"><strong><a style=\"color: #3366ff;\" href=\"http:\/\/www.futboltotal.com.mx\/2016\/04\/liguilla-al-momento-clausura-2016\/\" target=\"_blank\">LEER M\u00c1S: Liguilla del Clausura 2016, al momento&#8230;<\/a><\/strong><\/span><\/p>\n<p>Carlos Darwin Quintero y Michael Arroyo est\u00e1n suspendidos, por lo que podr\u00e1n ver acci\u00f3n en el partido de vuelta de <strong>Concachampions<\/strong>, por su parte William da Silva, no puede participar debido a que fue registrado inicialmente en el torneo, con Quer\u00e9rtaro, mientras que Mois\u00e9s Mu\u00f1oz, a\u00fan se recupera de un esguince de tobillo que sufri\u00f3 con el equipo Sub-20 del <strong>Am\u00e9rica<\/strong>.<\/p>\n<p><span style=\"color: #ff0000;\">VIDEO: TOP 5 | Goles de la jornada 14 del Clausura del 2016:<\/span><\/p>\n<p>[video_player]https:\/\/player.vimeo.com\/external\/163267540.hd.mp4?s=10f43e40a696163201eef8a8e67a8b23b503677a&amp;profile_id=174[\/video_player]<\/p>\n","protected":false},"excerpt":{"rendered":"<p>Con el defensa, Am\u00e9rica tendr\u00eda 5 bajas para la Ida ante Tigres<\/p>\n","protected":false},"author":20,"featured_media":389727,"comment_status":"closed","ping_status":"closed","sticky":false,"template":"","format":"standard","meta":[],"categories":[5398,3839,2198,5950],"tags":[5959,216,5973],"_links":{"self":[{"href":"http:\/\/desarrollo.grupomedios.com\/futbol\/wp-json\/wp\/v2\/posts\/389726"}],"collection":[{"href":"http:\/\/desarrollo.grupomedios.com\/futbol\/wp-json\/wp\/v2\/posts"}],"about":[{"href":"http:\/\/desarrollo.grupomedios.com\/futbol\/wp-json\/wp\/v2\/types\/post"}],"author":[{"embeddable":true,"href":"http:\/\/desarrollo.grupomedios.com\/futbol\/wp-json\/wp\/v2\/users\/20"}],"replies":[{"embeddable":true,"href":"http:\/\/desarrollo.grupomedios.com\/futbol\/wp-json\/wp\/v2\/comments?post=389726"}],"version-history":[{"count":0,"href":"http:\/\/desarrollo.grupomedios.com\/futbol\/wp-json\/wp\/v2\/posts\/389726\/revisions"}],"wp:featuredmedia":[{"embeddable":true,"href":"http:\/\/desarrollo.grupomedios.com\/futbol\/wp-json\/wp\/v2\/media\/389727"}],"wp:attachment":[{"href":"http:\/\/desarrollo.grupomedios.com\/futbol\/wp-json\/wp\/v2\/media?parent=389726"}],"wp:term":[{"taxonomy":"category","embeddable":true,"href":"http:\/\/desarrollo.grupomedios.com\/futbol\/wp-json\/wp\/v2\/categories?post=389726"},{"taxonomy":"post_tag","embeddable":true,"href":"http:\/\/desarrollo.grupomedios.com\/futbol\/wp-json\/wp\/v2\/tags?post=389726"}],"curies":[{"name":"wp","href":"https:\/\/api.w.org\/{rel}","templated":true}]}}