{"id":389756,"date":"2016-04-19T10:35:13","date_gmt":"2016-04-19T16:35:13","guid":{"rendered":"http:\/\/www.futboltotal.com.mx\/?p=389756"},"modified":"2016-04-19T10:42:26","modified_gmt":"2016-04-19T16:42:26","slug":"nahuel-guzman-oportunidad-jugar-juegos-olimpicos","status":"publish","type":"post","link":"http:\/\/desarrollo.grupomedios.com\/futbol\/futbol-internacional\/nahuel-guzman-oportunidad-jugar-juegos-olimpicos\/2016\/04","title":{"rendered":"Nahuel Guzm\u00e1n, \u00bfun tigre ol\u00edmpico?"},"content":{"rendered":"<p>Gerardo Martino, entrenador de la selecci\u00f3n de <strong>Argentina<\/strong>, entreg\u00f3 una lista con 57 jugadores que eligi\u00f3 para la preselecci\u00f3n de cara a los <strong>Juegos Ol\u00edmpicos<\/strong> de R\u00edo de Janeiro. De esa prelista\u00a0quedar\u00e1n 18 y s\u00f3lo tres de ellos podr\u00e1n ser mayores de 23 a\u00f1os.<\/p>\n<p>Entre los mayores de 23 a\u00f1os se encuentran Ger\u00f3nimo Rulli (Real Sociedad), <strong>Nahuel Guzm\u00e1n<\/strong> (Tigres), V\u00edctor Cuesta (Independiente), Jonatan Maidana (River Plate), Javier Pinola (Rosario Central), Mateo Musacchio (Villarreal) y Ramiro Funes Mori (Everton de Inglaterra). De estos, s\u00f3lo tres quedar\u00e1n, y la prensa argentina especula que ser\u00e1n seguramente\u00a0Musacchio, Rulli y Funes Mori, al \u00fanico que ya confirm\u00f3.<\/p>\n<p style=\"text-align: center;\"><strong><span style=\"color: #3366ff;\"><a style=\"color: #3366ff;\" href=\"http:\/\/www.futboltotal.com.mx\/2016\/04\/messi-tritura-valor-cristiano\/\">LEER M\u00c1S: \u00a1Messi y Cristiano valen oro!<\/a><\/span><\/strong><\/p>\n<p>En los inscritos menores de 23 a\u00f1os est\u00e1n Luciano Vietto, \u00c1ngel Correa y Mat\u00edas Kranevitter -ya confirmado que ser\u00e1 convocado- (Atl\u00e9tico de Madrid) y Fede Cartabia (Deportivo), adem\u00e1s de Paulo Dybala (Juventus).<\/p>\n<p>No ser\u00eda la primera ocasi\u00f3n que un futbolista de la Liga MX cuenta con la oportunidad de disputar los Juegos Ol\u00edmpicos con Argentina. En 2004 Luciano Figueroa y C\u00e9sar Delgado, ambos futbolistas de Cruz Azul, representaron a la <em>Albiceleste<\/em> y consiguieron la medalla de oro.<\/p>\n","protected":false},"excerpt":{"rendered":"<p>El guardameta est\u00e1 entre las alternativas como portero <\/p>\n","protected":false},"author":20,"featured_media":351548,"comment_status":"closed","ping_status":"closed","sticky":false,"template":"","format":"standard","meta":[],"categories":[3839,5951],"tags":[5996,1911,6129],"_links":{"self":[{"href":"http:\/\/desarrollo.grupomedios.com\/futbol\/wp-json\/wp\/v2\/posts\/389756"}],"collection":[{"href":"http:\/\/desarrollo.grupomedios.com\/futbol\/wp-json\/wp\/v2\/posts"}],"about":[{"href":"http:\/\/desarrollo.grupomedios.com\/futbol\/wp-json\/wp\/v2\/types\/post"}],"author":[{"embeddable":true,"href":"http:\/\/desarrollo.grupomedios.com\/futbol\/wp-json\/wp\/v2\/users\/20"}],"replies":[{"embeddable":true,"href":"http:\/\/desarrollo.grupomedios.com\/futbol\/wp-json\/wp\/v2\/comments?post=389756"}],"version-history":[{"count":0,"href":"http:\/\/desarrollo.grupomedios.com\/futbol\/wp-json\/wp\/v2\/posts\/389756\/revisions"}],"wp:featuredmedia":[{"embeddable":true,"href":"http:\/\/desarrollo.grupomedios.com\/futbol\/wp-json\/wp\/v2\/media\/351548"}],"wp:attachment":[{"href":"http:\/\/desarrollo.grupomedios.com\/futbol\/wp-json\/wp\/v2\/media?parent=389756"}],"wp:term":[{"taxonomy":"category","embeddable":true,"href":"http:\/\/desarrollo.grupomedios.com\/futbol\/wp-json\/wp\/v2\/categories?post=389756"},{"taxonomy":"post_tag","embeddable":true,"href":"http:\/\/desarrollo.grupomedios.com\/futbol\/wp-json\/wp\/v2\/tags?post=389756"}],"curies":[{"name":"wp","href":"https:\/\/api.w.org\/{rel}","templated":true}]}}