{"id":389799,"date":"2016-04-19T14:29:40","date_gmt":"2016-04-19T20:29:40","guid":{"rendered":"http:\/\/www.futboltotal.com.mx\/?p=389799"},"modified":"2016-04-19T14:29:40","modified_gmt":"2016-04-19T20:29:40","slug":"moises-munoz-recibio-explicacion-tras-relegado-a-banca-del-america","status":"publish","type":"post","link":"http:\/\/desarrollo.grupomedios.com\/futbol\/futbol-mexicano\/moises-munoz-recibio-explicacion-tras-relegado-a-banca-del-america\/2016\/04","title":{"rendered":"\u00bfYa soy banca?&#8230;. \u00a1Av\u00edsenme!: Mu\u00f1oz"},"content":{"rendered":"<p>El portero del <strong><a href=\"http:\/\/www.futboltotal.com.mx\/equipos\/america\/\" target=\"_blank\">Am\u00e9rica<\/a><\/strong>, <strong>Mois\u00e9s Mu\u00f1oz<\/strong>, confes\u00f3 que no ha recibido explicaci\u00f3n por parte de Ignacio Ambriz, sobre por qu\u00e9 perdi\u00f3 la titularidad en las <em>\u00c1guilas<\/em>, en la Liga MX; sin embargo, no exige que el estratega lo haga, pues asegura que ese tipo de decisiones a veces son incuestionables.<\/p>\n<p>&#8220;Conmigo realmente no ha platicado respecto a por qu\u00e9 no estaba jugando en la Liga MX. Es algo que tampoco yo puedo cuestionar porque cuando estoy jugando tampoco pido una explicaci\u00f3n de por qu\u00e9 s\u00ed lo hago. Ahora que \u00e9l ha puesto a Hugo Gonz\u00e1lez, respeto la decisi\u00f3n y lo \u00fanico que uno tiene que hacer es dedicarse a trabajar&#8221;, se\u00f1al\u00f3 el cancerbero del <strong>Am\u00e9rica<\/strong>.<\/p>\n<p style=\"text-align: center;\"><span style=\"color: #3366ff;\"><strong><a style=\"color: #3366ff;\" href=\"http:\/\/www.futboltotal.com.mx\/2016\/04\/futbolistas-en-activo-titulos-liga-mx\/\" target=\"_blank\">LEER M\u00c1S: Futbolistas en activo, con m\u00e1s t\u00edtulos de Liga MX<\/a><\/strong><\/span><\/p>\n<p>Pero el estar en la banca, al menos en la Liga MX, no ha sido causa de desmotivaci\u00f3n para <strong>Mois\u00e9s Mu\u00f1oz<\/strong>, porque el cancerbero siempre se entregar\u00e1 a las <em>\u00c1guilas<\/em>, en un ciento por ciento, en el momento o competencia en que Ignacio Ambriz lo emplee.<\/p>\n<p>&#8220;Lo tomo con mucha tranquilidad, paciencia, s\u00e9 que la decisi\u00f3n la toma el t\u00e9cnico y yo lo \u00fanico que puedo hacer es ponerme en la mejor disposici\u00f3n, creo que lo he hecho siempre. Por quien el t\u00e9cnico se decida, tendr\u00e1 sus motivos y razones, y aqu\u00ed lo m\u00e1s importante es el equipo&#8221;, concluy\u00f3.<\/p>\n<p><span style=\"color: #ff0000;\">VIDEO: Agenda TV | Jornada 15 Liga MX<\/span><\/p>\n<p>[video_player]https:\/\/player.vimeo.com\/external\/163439133.sd.mp4?s=a28319a3755929b648cead45fa31a006bfc27259&amp;profile_id=165[\/video_player]<\/p>\n","protected":false},"excerpt":{"rendered":"<p>A Moi no le explicaron por qu\u00e9 perdi\u00f3 la titularidad<\/p>\n","protected":false},"author":20,"featured_media":389810,"comment_status":"closed","ping_status":"closed","sticky":false,"template":"","format":"standard","meta":[],"categories":[2198,3845,5950],"tags":[5959,635],"_links":{"self":[{"href":"http:\/\/desarrollo.grupomedios.com\/futbol\/wp-json\/wp\/v2\/posts\/389799"}],"collection":[{"href":"http:\/\/desarrollo.grupomedios.com\/futbol\/wp-json\/wp\/v2\/posts"}],"about":[{"href":"http:\/\/desarrollo.grupomedios.com\/futbol\/wp-json\/wp\/v2\/types\/post"}],"author":[{"embeddable":true,"href":"http:\/\/desarrollo.grupomedios.com\/futbol\/wp-json\/wp\/v2\/users\/20"}],"replies":[{"embeddable":true,"href":"http:\/\/desarrollo.grupomedios.com\/futbol\/wp-json\/wp\/v2\/comments?post=389799"}],"version-history":[{"count":0,"href":"http:\/\/desarrollo.grupomedios.com\/futbol\/wp-json\/wp\/v2\/posts\/389799\/revisions"}],"wp:featuredmedia":[{"embeddable":true,"href":"http:\/\/desarrollo.grupomedios.com\/futbol\/wp-json\/wp\/v2\/media\/389810"}],"wp:attachment":[{"href":"http:\/\/desarrollo.grupomedios.com\/futbol\/wp-json\/wp\/v2\/media?parent=389799"}],"wp:term":[{"taxonomy":"category","embeddable":true,"href":"http:\/\/desarrollo.grupomedios.com\/futbol\/wp-json\/wp\/v2\/categories?post=389799"},{"taxonomy":"post_tag","embeddable":true,"href":"http:\/\/desarrollo.grupomedios.com\/futbol\/wp-json\/wp\/v2\/tags?post=389799"}],"curies":[{"name":"wp","href":"https:\/\/api.w.org\/{rel}","templated":true}]}}