{"id":389805,"date":"2016-04-19T14:52:44","date_gmt":"2016-04-19T20:52:44","guid":{"rendered":"http:\/\/www.futboltotal.com.mx\/?p=389805"},"modified":"2016-04-19T14:57:23","modified_gmt":"2016-04-19T20:57:23","slug":"bayern-munich-finalista-de-la-copa-alemana","status":"publish","type":"post","link":"http:\/\/desarrollo.grupomedios.com\/futbol\/futbol-internacional\/bayern-munich-finalista-de-la-copa-alemana\/2016\/04","title":{"rendered":"Bayern M\u00fanich sali\u00f3 bueno para la Copa"},"content":{"rendered":"<p>El <strong>Bayern M\u00fanich<\/strong> cumpli\u00f3 con los pron\u00f3sticos y con un golpe de autoridad en el Allianz Arena se convirti\u00f3 en el primer finalista de la DFB Pokal, luego de doblegar 2-0 al Werder Bremen con un par de goles del delantero <strong>Thomas M\u00fcller<\/strong>, quien esta noche tuvo una encomiable actuaci\u00f3n y por primera vez en su carrera super\u00f3 los 30 goles en una sola temporada.<\/p>\n<p style=\"text-align: center;\"><span style=\"color: #3366ff;\"><strong><a style=\"color: #3366ff;\" href=\"http:\/\/www.futboltotal.com.mx\/futbol-internacional\/\">LEER M\u00c1S: Todas las noticias de futbol internacional<\/a><\/strong><\/span><br \/>\n<iframe loading=\"lazy\" src=\"https:\/\/www.youtube.com\/embed\/w2jkabfDd88\" frameborder=\"0\" allowfullscreen=\"allowfullscreen\"><\/iframe><\/p>\n<p>Tras superar al Darmstadt 98 y Bochurn, en los octavos y cuartos, respectivamente, el\u00a0<strong>Bayern M\u00fanich<\/strong> se plant\u00f3 en la antesala por el t\u00edtulo y no tuvo problemas para superar la eliminatoria. <strong>Thomas M\u00fcller<\/strong> encarril\u00f3 el pase tras rematar dentro del \u00e1rea sin marca alguna, luego de un tiro de esquina por la punta izquierda. El internacional alem\u00e1n ampli\u00f3 la cuenta en la parte complementaria por la v\u00eda penal, despu\u00e9s de una pol\u00e9mica jugada en la que Arturo Vidal cay\u00f3 en el \u00e1rea tras ser derribado limpiamente.<\/p>\n<p>De esta forma, el <strong>Bayern M\u00fanich<\/strong> vuelve a una final copera y contender\u00e1 por su segundo t\u00edtulo bajo el mando de <em>Pep<\/em>\u00a0Guardiola el pr\u00f3ximo 21 de mayo. Su adversario saldr\u00e1 del duelo entre Borussia Dortmund y Hertha Berl\u00edn. Por ahora los b\u00e1varos, casi con la Bundesliga en la bolsa, aspiran a ganar el anhelado\u00a0<em>Triplete,<\/em>\u00a0que ganaron en el curso 2012-13 con Jupp Heynckess.<\/p>\n","protected":false},"excerpt":{"rendered":"<p>Thomas M\u00fcller gu\u00eda la gesta de los b\u00e1varos en el Allianz Arena<\/p>\n","protected":false},"author":20,"featured_media":389824,"comment_status":"closed","ping_status":"closed","sticky":false,"template":"","format":"standard","meta":[],"categories":[3839,6822,5951],"tags":[2056,3736,118],"_links":{"self":[{"href":"http:\/\/desarrollo.grupomedios.com\/futbol\/wp-json\/wp\/v2\/posts\/389805"}],"collection":[{"href":"http:\/\/desarrollo.grupomedios.com\/futbol\/wp-json\/wp\/v2\/posts"}],"about":[{"href":"http:\/\/desarrollo.grupomedios.com\/futbol\/wp-json\/wp\/v2\/types\/post"}],"author":[{"embeddable":true,"href":"http:\/\/desarrollo.grupomedios.com\/futbol\/wp-json\/wp\/v2\/users\/20"}],"replies":[{"embeddable":true,"href":"http:\/\/desarrollo.grupomedios.com\/futbol\/wp-json\/wp\/v2\/comments?post=389805"}],"version-history":[{"count":0,"href":"http:\/\/desarrollo.grupomedios.com\/futbol\/wp-json\/wp\/v2\/posts\/389805\/revisions"}],"wp:featuredmedia":[{"embeddable":true,"href":"http:\/\/desarrollo.grupomedios.com\/futbol\/wp-json\/wp\/v2\/media\/389824"}],"wp:attachment":[{"href":"http:\/\/desarrollo.grupomedios.com\/futbol\/wp-json\/wp\/v2\/media?parent=389805"}],"wp:term":[{"taxonomy":"category","embeddable":true,"href":"http:\/\/desarrollo.grupomedios.com\/futbol\/wp-json\/wp\/v2\/categories?post=389805"},{"taxonomy":"post_tag","embeddable":true,"href":"http:\/\/desarrollo.grupomedios.com\/futbol\/wp-json\/wp\/v2\/tags?post=389805"}],"curies":[{"name":"wp","href":"https:\/\/api.w.org\/{rel}","templated":true}]}}