{"id":389833,"date":"2016-04-19T16:19:40","date_gmt":"2016-04-19T22:19:40","guid":{"rendered":"http:\/\/www.futboltotal.com.mx\/?p=389833"},"modified":"2016-04-19T17:18:27","modified_gmt":"2016-04-19T23:18:27","slug":"cuauhtemoc-blanco-alberto-garcia-aspe-jorge-campos-asesoraron-a-juan-carlos-osorio","status":"publish","type":"post","link":"http:\/\/desarrollo.grupomedios.com\/futbol\/futbol-mexicano\/cuauhtemoc-blanco-alberto-garcia-aspe-jorge-campos-asesoraron-a-juan-carlos-osorio\/2016\/04","title":{"rendered":"Los asesores de Osorio&#8230;"},"content":{"rendered":"<p>El director t\u00e9cnico de la <strong><a href=\"http:\/\/www.futboltotal.com.mx\/futbol-mexicano\/seleccion-mexicana\/\" target=\"_blank\">Selecci\u00f3n Mexicana<\/a><\/strong>, confes\u00f3 que recurri\u00f3 a ex futbolistas destacados del <em>TRI<\/em> para preparar los partidos del primer cuadrangular de la Eliminatoria de CONCACAF, con el fin de mejorar.<\/p>\n<p>Cuauht\u00e9moc Blanco, Alberto Garc\u00eda Aspe y Jorge Campos, fueron los tres iconos de la Selecci\u00f3n Mexicana, que dieron consejos a <strong>Juan Carlos Osorio<\/strong>, desde que tom\u00f3 el mando del <em>TRI<\/em>.<\/p>\n<p>&#8220;Lo primero que hicimos fue hablar con iconos del futbol mexicano, como Cuauht\u00e9moc Blanco, Jorge Campos y Alberto Garc\u00eda Aspe. En t\u00e9rminos generales, ellos me dijeron que los partidos de visitante en Centroam\u00e9rica eran muy dif\u00edciles y que se jugaba lento&#8221;, se\u00f1al\u00f3 <strong>Juan Carlos Osorio<\/strong> en entrevista con el diario colombiano <em>El Espectador<\/em>.<\/p>\n<p style=\"text-align: center;\"><span style=\"color: #3366ff;\"><strong><a style=\"color: #3366ff;\" href=\"http:\/\/www.futboltotal.com.mx\/2016\/04\/duda-refuerzo-olimpico-defensa-volante\/\" target=\"_blank\">LEER M\u00c1S: Potro Guti\u00e9rrez tiene dificultades para elegir refuerzo<\/a><\/strong><\/span><\/p>\n<p>Por otro lado, el estratega tricolor se\u00f1al\u00f3 que le gustar\u00eda dirigir a Colombia en un futuro, pero que por el momento, el objetivo es destacar con la <strong>Selecci\u00f3n Mexicana<\/strong> en la Copa Am\u00e9rica, y llegar, por lo menos, hasta semifinales.<\/p>\n<p>&#8220;Si logramos llevar a todo nuestro grupo principal tendremos muy buenas posibilidades de competir de igual a igual con todos. Aspiramos a estar entre los cuatro mejores. Ser\u00e1 una gran oportunidad para los equipos de demostrar lo bien que est\u00e1 el f\u00fatbol en la regi\u00f3n. Ser\u00e1 un torneo disputado&#8221;, concluy\u00f3 el estratega.<\/p>\n<p><span style=\"color: #ff0000;\">VIDEO: Agenda TV | Jornada 15 Liga MX<\/span><\/p>\n<p>[video_player]https:\/\/player.vimeo.com\/external\/163439133.sd.mp4?s=a28319a3755929b648cead45fa31a006bfc27259&amp;profile_id=165[\/video_player]<\/p>\n","protected":false},"excerpt":{"rendered":"<p>El \u00e9xito de Osorio con el TRI, se deber\u00eda a Blanco, Aspe y Campos<\/p>\n","protected":false},"author":20,"featured_media":389842,"comment_status":"closed","ping_status":"closed","sticky":false,"template":"","format":"standard","meta":[],"categories":[5516,6950,2198,6953,3847,6951,5950],"tags":[1731,7010,2053,6196,142],"_links":{"self":[{"href":"http:\/\/desarrollo.grupomedios.com\/futbol\/wp-json\/wp\/v2\/posts\/389833"}],"collection":[{"href":"http:\/\/desarrollo.grupomedios.com\/futbol\/wp-json\/wp\/v2\/posts"}],"about":[{"href":"http:\/\/desarrollo.grupomedios.com\/futbol\/wp-json\/wp\/v2\/types\/post"}],"author":[{"embeddable":true,"href":"http:\/\/desarrollo.grupomedios.com\/futbol\/wp-json\/wp\/v2\/users\/20"}],"replies":[{"embeddable":true,"href":"http:\/\/desarrollo.grupomedios.com\/futbol\/wp-json\/wp\/v2\/comments?post=389833"}],"version-history":[{"count":0,"href":"http:\/\/desarrollo.grupomedios.com\/futbol\/wp-json\/wp\/v2\/posts\/389833\/revisions"}],"wp:featuredmedia":[{"embeddable":true,"href":"http:\/\/desarrollo.grupomedios.com\/futbol\/wp-json\/wp\/v2\/media\/389842"}],"wp:attachment":[{"href":"http:\/\/desarrollo.grupomedios.com\/futbol\/wp-json\/wp\/v2\/media?parent=389833"}],"wp:term":[{"taxonomy":"category","embeddable":true,"href":"http:\/\/desarrollo.grupomedios.com\/futbol\/wp-json\/wp\/v2\/categories?post=389833"},{"taxonomy":"post_tag","embeddable":true,"href":"http:\/\/desarrollo.grupomedios.com\/futbol\/wp-json\/wp\/v2\/tags?post=389833"}],"curies":[{"name":"wp","href":"https:\/\/api.w.org\/{rel}","templated":true}]}}