{"id":389854,"date":"2016-04-19T17:14:46","date_gmt":"2016-04-19T23:14:46","guid":{"rendered":"http:\/\/www.futboltotal.com.mx\/?p=389854"},"modified":"2016-04-19T17:14:49","modified_gmt":"2016-04-19T23:14:49","slug":"gareth-bale-se-lesiona-jugar-golf","status":"publish","type":"post","link":"http:\/\/desarrollo.grupomedios.com\/futbol\/futbol-internacional\/gareth-bale-se-lesiona-jugar-golf\/2016\/04","title":{"rendered":"Gareth Bale se lesiona\u2026 \u00a1Por jugar golf!"},"content":{"rendered":"<p><strong>Gareth Bale<\/strong> se perder\u00e1 el partido que el <strong>Real Madrid<\/strong> sostendr\u00e1 este mi\u00e9rcoles ante Villarreal, dentro de la jornada 34 de la Liga de Espa\u00f1a. \u00bfLa raz\u00f3n? Una lesi\u00f3n que el gal\u00e9s sufri\u00f3 -presumiblemente- luego de jugar 36 hoyos durante un torneo de <strong>golf<\/strong>\u00a0el pasado fin de semana.<\/p>\n<p>El volante merengue no entren\u00f3 este martes con el equipo blanco. &#8220;Se ha resentido de algo este fin de semana, del partido de Getafe, por eso no est\u00e1 hoy con nosotros. Esperamos que sea una sobrecarga y vamos a ver&#8221;, dijo Zinedine Zidane, entrenador del <strong>Real Madrid<\/strong>, sobre la ausencia de<strong> Bale<\/strong>, quien tampoco pudo terminar el entrenamiento del lunes.<\/p>\n<p><a href=\"http:\/\/www.futboltotal.com.mx\/2016\/04\/gareth-bale-se-lesiona-jugar-golf\/gareth-bale-se-lesiona-por-jugar-golf\/\" rel=\"attachment wp-att-389858\"><img decoding=\"async\" loading=\"lazy\" class=\"aligncenter size-full wp-image-389858\" src=\"http:\/\/www.futboltotal.com.mx\/wp-content\/uploads\/2016\/04\/Gareth-Bale-se-lesiona-Por-jugar-golf.jpg\" alt=\"Gareth-Bale-se-lesiona-Por-jugar-golf\" srcset=\"http:\/\/desarrollo.grupomedios.com\/futbol\/wp-content\/uploads\/2016\/04\/Gareth-Bale-se-lesiona-Por-jugar-golf.jpg 820w, http:\/\/desarrollo.grupomedios.com\/futbol\/wp-content\/uploads\/2016\/04\/Gareth-Bale-se-lesiona-Por-jugar-golf-300x128.jpg 300w, http:\/\/desarrollo.grupomedios.com\/futbol\/wp-content\/uploads\/2016\/04\/Gareth-Bale-se-lesiona-Por-jugar-golf-768x328.jpg 768w\" sizes=\"(max-width: 820px) 100vw, 820px\" \/><\/a><\/p>\n<p>Sin embargo, la prensa espa\u00f1ola reporta que la lesi\u00f3n del veloz futbolista no fue provocada por la actividad en la victoria ante el Getafe, sino debido a una sobrecarga como consecuencia de <strong>jugar golf<\/strong>.<\/p>\n<p style=\"text-align: center;\"><span style=\"color: #3366ff;\"><strong><a style=\"color: #3366ff;\" href=\"http:\/\/www.futboltotal.com.mx\/2016\/03\/truco-bale-lesionarse\/\">LEER M\u00c1S: El truco de Bale para no lesionarse<\/a><\/strong><\/span><\/p>\n<p>En ese sentido, se agrega que <strong>Gareth Bale<\/strong> estuvo presente en el Open de Espa\u00f1a como espectador y los reportes indican que tambi\u00e9n habr\u00eda jugado 36 hoyos. Y justo es actividad provoc\u00f3 la lesi\u00f3n.<\/p>\n<blockquote class=\"twitter-tweet\" data-lang=\"es\">\n<p dir=\"ltr\" lang=\"und\">\u26f3\ufe0f <a href=\"https:\/\/twitter.com\/hashtag\/HalaMadrid?src=hash\">#HalaMadrid<\/a> <a href=\"https:\/\/t.co\/S6arM084Oa\">pic.twitter.com\/S6arM084Oa<\/a><\/p>\n<p>\u2014 Gareth Bale (@GarethBale11) <a href=\"https:\/\/twitter.com\/GarethBale11\/status\/721689816346292224\">17 de abril de 2016<\/a><\/p><\/blockquote>\n<p><script src=\"\/\/platform.twitter.com\/widgets.js\" async=\"\" charset=\"utf-8\"><\/script><\/p>\n<p><strong>Real Madrid<\/strong> necesita una victoria sobre\u00a0el Villarreal para no despegarse de los punteros de la Liga o si tropiezan Barcelona y el Atl\u00e9tico de Madrid,\u00a0que encabezan la tabla empatados con 76 puntos, superarlos.<\/p>\n","protected":false},"excerpt":{"rendered":"<p>El gal\u00e9s se perder\u00e1 el duelo de este mi\u00e9rcoles del Real Madrid<\/p>\n","protected":false},"author":20,"featured_media":389856,"comment_status":"closed","ping_status":"closed","sticky":false,"template":"","format":"standard","meta":[],"categories":[3839,3844,5951],"tags":[6043,5988],"_links":{"self":[{"href":"http:\/\/desarrollo.grupomedios.com\/futbol\/wp-json\/wp\/v2\/posts\/389854"}],"collection":[{"href":"http:\/\/desarrollo.grupomedios.com\/futbol\/wp-json\/wp\/v2\/posts"}],"about":[{"href":"http:\/\/desarrollo.grupomedios.com\/futbol\/wp-json\/wp\/v2\/types\/post"}],"author":[{"embeddable":true,"href":"http:\/\/desarrollo.grupomedios.com\/futbol\/wp-json\/wp\/v2\/users\/20"}],"replies":[{"embeddable":true,"href":"http:\/\/desarrollo.grupomedios.com\/futbol\/wp-json\/wp\/v2\/comments?post=389854"}],"version-history":[{"count":0,"href":"http:\/\/desarrollo.grupomedios.com\/futbol\/wp-json\/wp\/v2\/posts\/389854\/revisions"}],"wp:featuredmedia":[{"embeddable":true,"href":"http:\/\/desarrollo.grupomedios.com\/futbol\/wp-json\/wp\/v2\/media\/389856"}],"wp:attachment":[{"href":"http:\/\/desarrollo.grupomedios.com\/futbol\/wp-json\/wp\/v2\/media?parent=389854"}],"wp:term":[{"taxonomy":"category","embeddable":true,"href":"http:\/\/desarrollo.grupomedios.com\/futbol\/wp-json\/wp\/v2\/categories?post=389854"},{"taxonomy":"post_tag","embeddable":true,"href":"http:\/\/desarrollo.grupomedios.com\/futbol\/wp-json\/wp\/v2\/tags?post=389854"}],"curies":[{"name":"wp","href":"https:\/\/api.w.org\/{rel}","templated":true}]}}