{"id":389867,"date":"2016-04-19T17:58:46","date_gmt":"2016-04-19T23:58:46","guid":{"rendered":"http:\/\/www.futboltotal.com.mx\/?p=389867"},"modified":"2016-04-19T18:20:19","modified_gmt":"2016-04-20T00:20:19","slug":"carlos-vela-en-la-mira-del-atletico-madrid","status":"publish","type":"post","link":"http:\/\/desarrollo.grupomedios.com\/futbol\/futbol-internacional\/carlos-vela-en-la-mira-del-atletico-madrid\/2016\/04","title":{"rendered":"Carlos Vela, en la mira del Atl\u00e9tico de Madrid"},"content":{"rendered":"<p>\u00bf<strong>Carlos Vela<\/strong> volver\u00e1 a jugar con <strong>Antoine Griezmann<\/strong>? Seg\u00fan la prensa espa\u00f1ola, s\u00ed hay posibilidades. Trasciende que el par de delanteros volver\u00edan a jugar juntos en la pr\u00f3xima campa\u00f1a, pero no en la Real Sociedad sino en el <strong>Atl\u00e9tico de Madrid<\/strong>.<\/p>\n<p>En ese sentido, se apunta que el franc\u00e9s ha recomendado al delantero mexicano al <em>Cholo<\/em> Simeone, t\u00e9cnico de los <em>Colchoneros<\/em>. Adem\u00e1s, se especula que <strong>Vela<\/strong> y <strong>Griezmann<\/strong>, dada la gran amistad que existe entre ellos, tambi\u00e9n se han reunido para hablar del posible arribo del <em>Bombardero<\/em> al <strong>Atl\u00e9tico<\/strong> en el pr\u00f3ximo mercado de verano.<\/p>\n<p><a href=\"http:\/\/www.futboltotal.com.mx\/2016\/04\/carlos-vela-en-la-mira-del-atletico-madrid\/carlos-vela-griezmann-atletico-de-madrid\/\" rel=\"attachment wp-att-389869\"><img decoding=\"async\" loading=\"lazy\" class=\"aligncenter size-full wp-image-389869\" src=\"http:\/\/www.futboltotal.com.mx\/wp-content\/uploads\/2016\/04\/carlos-vela-griezmann-atletico-de-madrid.jpg\" alt=\"carlos-vela-griezmann-atletico-de-madrid\" srcset=\"http:\/\/desarrollo.grupomedios.com\/futbol\/wp-content\/uploads\/2016\/04\/carlos-vela-griezmann-atletico-de-madrid.jpg 820w, http:\/\/desarrollo.grupomedios.com\/futbol\/wp-content\/uploads\/2016\/04\/carlos-vela-griezmann-atletico-de-madrid-300x128.jpg 300w, http:\/\/desarrollo.grupomedios.com\/futbol\/wp-content\/uploads\/2016\/04\/carlos-vela-griezmann-atletico-de-madrid-768x328.jpg 768w\" sizes=\"(max-width: 820px) 100vw, 820px\" \/><\/a><\/p>\n<p>Sobre el rumor, se agrega que el <strong>Atl\u00e9tico de Madrid<\/strong> busca a un atacante que supla al <em>Ni\u00f1o<\/em> Torres, por lo que el club <em>rojiblanco <\/em>planea la contrataci\u00f3n de un refuerzo para que acompa\u00f1e a <strong>Antoine Griezmann<\/strong> en el ataque.<\/p>\n<p>Se dice que <strong>Carlos Vela<\/strong> ya no se siente c\u00f3modo en la Real Sociedad, La equipo que tampoco est\u00e1 contenta con el desempe\u00f1o del mexicano en la presente temporada ni con sus problemas disciplinarios -l\u00e9ase salidas nocturnas-.<\/p>\n<p style=\"text-align: center;\"><span style=\"color: #3366ff;\"><strong><a style=\"color: #3366ff;\" href=\"http:\/\/www.futboltotal.com.mx\/2016\/03\/carlos-vela-descarta-jugar-en-mexico\/\">LEER M\u00c1S: Carlos Vela no descarta jugar en M\u00e9xico<\/a><\/strong><\/span><\/p>\n<p>Cabe apuntar que el propio delantero <em>azteca <\/em>ha dejado abierto su futuro, el cual podr\u00edas encontrarse en otro equipo de Europa, la MLS e incluso en M\u00e9xico.<\/p>\n","protected":false},"excerpt":{"rendered":"<p>El Bombardero podr\u00eda reencontrarse con Antoine Griezmann<\/p>\n","protected":false},"author":20,"featured_media":389888,"comment_status":"closed","ping_status":"closed","sticky":false,"template":"","format":"standard","meta":[],"categories":[3839,3844,6718,5951],"tags":[6048,4545],"_links":{"self":[{"href":"http:\/\/desarrollo.grupomedios.com\/futbol\/wp-json\/wp\/v2\/posts\/389867"}],"collection":[{"href":"http:\/\/desarrollo.grupomedios.com\/futbol\/wp-json\/wp\/v2\/posts"}],"about":[{"href":"http:\/\/desarrollo.grupomedios.com\/futbol\/wp-json\/wp\/v2\/types\/post"}],"author":[{"embeddable":true,"href":"http:\/\/desarrollo.grupomedios.com\/futbol\/wp-json\/wp\/v2\/users\/20"}],"replies":[{"embeddable":true,"href":"http:\/\/desarrollo.grupomedios.com\/futbol\/wp-json\/wp\/v2\/comments?post=389867"}],"version-history":[{"count":0,"href":"http:\/\/desarrollo.grupomedios.com\/futbol\/wp-json\/wp\/v2\/posts\/389867\/revisions"}],"wp:featuredmedia":[{"embeddable":true,"href":"http:\/\/desarrollo.grupomedios.com\/futbol\/wp-json\/wp\/v2\/media\/389888"}],"wp:attachment":[{"href":"http:\/\/desarrollo.grupomedios.com\/futbol\/wp-json\/wp\/v2\/media?parent=389867"}],"wp:term":[{"taxonomy":"category","embeddable":true,"href":"http:\/\/desarrollo.grupomedios.com\/futbol\/wp-json\/wp\/v2\/categories?post=389867"},{"taxonomy":"post_tag","embeddable":true,"href":"http:\/\/desarrollo.grupomedios.com\/futbol\/wp-json\/wp\/v2\/tags?post=389867"}],"curies":[{"name":"wp","href":"https:\/\/api.w.org\/{rel}","templated":true}]}}