{"id":389870,"date":"2016-04-28T18:14:24","date_gmt":"2016-04-28T23:14:24","guid":{"rendered":"http:\/\/www.futboltotal.com.mx\/?p=389870"},"modified":"2016-09-28T11:20:33","modified_gmt":"2016-09-28T16:20:33","slug":"alfredo-tena","status":"publish","type":"post","link":"http:\/\/desarrollo.grupomedios.com\/futbol\/centenario-america\/alfredo-tena\/2016\/04","title":{"rendered":"Alfredo Tena"},"content":{"rendered":"<p>Ten\u00eda ocho o nueve a\u00f1os <strong>Alfredo<\/strong> cuando dej\u00f3 clara su pasi\u00f3n por el futbol. Los <strong>Tena Gardu\u00f1o<\/strong> se mudaron del Distrito Federal a Veracruz, donde don Luis, el padre de la familia, consigui\u00f3 trabajo. Cuenta la madre que cierta vez, cuando se dispon\u00eda a preparar un pastel, not\u00f3 que faltaba la bolsa de harina que hab\u00eda sacado; al asomarse al jard\u00edn de la casa, descubri\u00f3 a su hijo esparci\u00e9ndola por el pasto, para delimitar su propia cancha.<\/p>\n<p>Su pap\u00e1 le inculc\u00f3 el gusto por el deporte y lo apoy\u00f3 cuando comenz\u00f3 a jugar futbol en el <strong>Club Asturiano<\/strong>. Ah\u00ed, en el equipo Principado, lo descubri\u00f3 <strong>Jos\u00e9 Antonio Roca<\/strong> \u2013entonces t\u00e9cnico crema\u2013 quien era socio del club y ten\u00eda a unos sobrinos en el mismo equipo: \u201cSeguido nos iba a ver y nos invit\u00f3 a varios a probarnos en las fuerzas b\u00e1sicas del Am\u00e9rica\u201d. <strong>Fue as\u00ed como lleg\u00f3 al club, en 1974.<\/strong><\/p>\n<p><a href=\"https:\/\/www.futboltotal.com.mx\/wp-content\/uploads\/2016\/04\/Alfredo_Tena_interior_2.jpg\"><img decoding=\"async\" loading=\"lazy\" class=\"alignnone size-full wp-image-432090\" src=\"https:\/\/www.futboltotal.com.mx\/wp-content\/uploads\/2016\/04\/Alfredo_Tena_interior_2.jpg\" alt=\"alfredo_tena_interior_2\" srcset=\"http:\/\/desarrollo.grupomedios.com\/futbol\/wp-content\/uploads\/2016\/04\/Alfredo_Tena_interior_2.jpg 858w, http:\/\/desarrollo.grupomedios.com\/futbol\/wp-content\/uploads\/2016\/04\/Alfredo_Tena_interior_2-300x151.jpg 300w, http:\/\/desarrollo.grupomedios.com\/futbol\/wp-content\/uploads\/2016\/04\/Alfredo_Tena_interior_2-768x386.jpg 768w, http:\/\/desarrollo.grupomedios.com\/futbol\/wp-content\/uploads\/2016\/04\/Alfredo_Tena_interior_2-340x171.jpg 340w\" sizes=\"(max-width: 858px) 100vw, 858px\" \/><\/a><\/p>\n<p>&nbsp;<\/p>\n<p><strong><span style=\"color: #ff0000;\">\u00cddolos como compa\u00f1eros<\/span><\/strong><\/p>\n<p>La lesi\u00f3n de uno de los defensas centrales titulares, <strong>Luis Miguel Barberena<\/strong>, y algunas suspensiones permitieron que Tena debutara en la zaga crema en el Campe\u00f3n de Campeones, contra Cruz Azul, en 1974. \u201cYo ten\u00eda 17 a\u00f1os. Desgraciadamente, fue una derrota\u201d.<\/p>\n<p>Llegar al primer equipo le permiti\u00f3 ser compa\u00f1ero de sus \u00eddolos: \u201cGente que yo admiraba: Enrique Borja, Carlos Reinoso, Paco Castrej\u00f3n&#8230;\u201d.<\/p>\n<p><iframe loading=\"lazy\" src=\"https:\/\/www.youtube.com\/embed\/urNhKeEwktA\" frameborder=\"0\" allowfullscreen=\"allowfullscreen\"><\/iframe><\/p>\n<p>Pronto entendi\u00f3 lo que significaba ser <strong>americanista<\/strong>, por ellos y por la cercan\u00eda del presidente Guillermo Ca\u00f1edo: \u201c\u00c9l estaba siempre pendiente de los entrenamientos y no te saludaba dici\u00e9ndote: \u2018\u00bfC\u00f3mo est\u00e1, Alfredo?\u2019, sino: \u2018Hay que ganar\u2019 y se te quedaba viendo medio feo\u201d.<\/p>\n<p>Eso fortaleci\u00f3 su convicci\u00f3n de entregarse sin restricciones por sus colores. Y no solo en los juegos, seg\u00fan lo recuerda Luis Roberto Alves Zague: \u201cEra igual de intenso, ya sea en el entrenamiento m\u00e1s sencillo o en el partido m\u00e1s complicado\u201d.<\/p>\n<p>Tena recuerda que el t\u00e9cnico <strong>Ra\u00fal C\u00e1rdenas<\/strong> le dio regularidad y confianza: \u201cEntre 1976 y 1980 me tuvo fe cuando yo a\u00fan estaba aprendiendo\u201d.<\/p>\n<p><a href=\"https:\/\/www.futboltotal.com.mx\/wp-content\/uploads\/2016\/04\/Alfredo_Tena_interior.jpg\"><img decoding=\"async\" loading=\"lazy\" class=\"alignnone size-full wp-image-432091\" src=\"https:\/\/www.futboltotal.com.mx\/wp-content\/uploads\/2016\/04\/Alfredo_Tena_interior.jpg\" alt=\"alfredo_tena_interior\" srcset=\"http:\/\/desarrollo.grupomedios.com\/futbol\/wp-content\/uploads\/2016\/04\/Alfredo_Tena_interior.jpg 858w, http:\/\/desarrollo.grupomedios.com\/futbol\/wp-content\/uploads\/2016\/04\/Alfredo_Tena_interior-300x151.jpg 300w, http:\/\/desarrollo.grupomedios.com\/futbol\/wp-content\/uploads\/2016\/04\/Alfredo_Tena_interior-768x386.jpg 768w, http:\/\/desarrollo.grupomedios.com\/futbol\/wp-content\/uploads\/2016\/04\/Alfredo_Tena_interior-340x171.jpg 340w\" sizes=\"(max-width: 858px) 100vw, 858px\" \/><\/a><\/p>\n<p>Luego, la fuerza con que peleaba cada bal\u00f3n, el coraje al defender su territorio y su liderazgo hicieron que en 1981, Carlos Reinoso \u2013ya como director t\u00e9cnico\u2013 lo nombrara capit\u00e1n, hecho que devino en su hist\u00f3rico apodo: <strong>Capit\u00e1n Furia.<\/strong> Tena cuenta que ese mote se lo debe al cronista Enrique el Perro Berm\u00fadez: \u201cAunque lo populariz\u00f3 Fernando Schwartz\u201d.<\/p>\n<p><iframe loading=\"lazy\" src=\"https:\/\/www.youtube.com\/embed\/UKBikoQZsxE\" frameborder=\"0\" allowfullscreen=\"allowfullscreen\"><\/iframe><\/p>\n<p>Ten\u00eda entonces la jerarqu\u00eda necesaria para transmitir a las nuevas \u00c1guilas el <strong>evangelio del club<\/strong> \u2013tal como en su momento \u00e9l lo recibi\u00f3 de los antiguos profetas\u2013. \u201cEl dicho \u2018Predicar con el ejemplo\u2019 es la mejor forma de resumir a Alfredo. Siempre demostr\u00f3 liderazgo y personalidad\u201d, resalta <strong>Zague<\/strong>, su compa\u00f1ero entre 1986 y 1991, a\u00f1o en el que Tena dej\u00f3 al equipo sin una despedida acorde a su trascendencia.<\/p>\n<p><strong>Capit\u00e1n Furia<\/strong> es un apodo m\u00edtico y adecuado para el 4 americanista, pero por su forma de vivir el futbol, Alfredo Tena bien podr\u00eda ser conocido como el \u00c1guila Ejemplar.<\/p>\n<p>&nbsp;<\/p>\n<p><strong>36 Cl\u00e1sicos<\/strong> disput\u00f3 (solo lo supera Crist\u00f3bal Ortega, con 48). Del Am\u00e9rica-Chivas dice: \u201cJugar esos partidos fue una de mis motivaciones para llegar a primera\u201d.<\/p>\n<p>&nbsp;<\/p>\n<blockquote><p>\u201cNo cualquiera puede jugar en el Am\u00e9rica: tienes que tener el cuero duro, la espalda ancha para poder hacerlo. A m\u00ed me pod\u00edan salir bien o mal las cosas, pero la gente sab\u00eda que siempre me entregaba al m\u00e1ximo\u201d<br \/>\n<strong>Alfredo Tena<\/strong><\/p>\n<p>&nbsp;<\/p><\/blockquote>\n<p><strong><span style=\"color: #ff0000;\">Grandes momentos<\/span><\/strong><\/p>\n<p><strong>Su primera liga<\/strong><\/p>\n<p>Contra Leones Negros de la <strong>Universidad de Guadalajara<\/strong>, en la final de la campa\u00f1a 1975-76, gan\u00f3 la primera de sus seis ligas con el Am\u00e9rica: \u201cJugu\u00e9 un ratito en la ida, en Guadalajara. Ser campe\u00f3n a los 18 a\u00f1os fue algo muy bonito\u201d.<\/p>\n<p><iframe loading=\"lazy\" src=\"https:\/\/www.youtube.com\/embed\/0By5BVTk3Po\" frameborder=\"0\" allowfullscreen=\"allowfullscreen\"><\/iframe><br \/>\n<strong>En la final del Cl\u00e1sico<\/strong><\/p>\n<p>Ya como figura de las <strong>\u00c1guilas<\/strong>, jug\u00f3 la final de 1983-84, contra <strong>Chivas<\/strong>. No solo era indiscutible en la alineaci\u00f3n, sino que incluso <strong>marc\u00f3, de cabeza, el 2-0<\/strong> en el partido de vuelta, que ayud\u00f3 a los suyos a manejar el juego y a conquistar la primera de las cinco ligas ganadas en los a\u00f1os 80.<\/p>\n<p><iframe loading=\"lazy\" src=\"https:\/\/www.youtube.com\/embed\/wGNcRfqSmhY\" frameborder=\"0\" allowfullscreen=\"allowfullscreen\"><\/iframe><\/p>\n<p>&nbsp;<\/p>\n<p><strong>Gol de larga distancia<\/strong><\/p>\n<p>Marc\u00f3 un <strong>golazo al Atlas<\/strong> con un tiro libre desde el mediocampo, en la fecha 5 de la temporada 1987-88. \u201cSab\u00edamos que Celestino Morales jugaba adelantado en ese equipo de Reinoso, por eso lo intent\u00e9; si lo fallaba no pasaba nada porque \u00edbamos ganando 2-0\u201d.<\/p>\n<p><iframe loading=\"lazy\" src=\"https:\/\/www.youtube.com\/embed\/TvTE0fRafN0\" frameborder=\"0\" allowfullscreen=\"allowfullscreen\"><\/iframe><\/p>\n<p>&nbsp;<\/p>\n","protected":false},"excerpt":{"rendered":"<p>Fuerte, duro en la marca y poseedor de una entrega absoluta dentro y fuera del campo para honrar sus colores, es un l\u00edder y un estandarte de todo el americanismo.<\/p>\n","protected":false},"author":20,"featured_media":432093,"comment_status":"closed","ping_status":"closed","sticky":false,"template":"","format":"standard","meta":[],"categories":[6854,6857],"tags":[1871,5959,6972],"_links":{"self":[{"href":"http:\/\/desarrollo.grupomedios.com\/futbol\/wp-json\/wp\/v2\/posts\/389870"}],"collection":[{"href":"http:\/\/desarrollo.grupomedios.com\/futbol\/wp-json\/wp\/v2\/posts"}],"about":[{"href":"http:\/\/desarrollo.grupomedios.com\/futbol\/wp-json\/wp\/v2\/types\/post"}],"author":[{"embeddable":true,"href":"http:\/\/desarrollo.grupomedios.com\/futbol\/wp-json\/wp\/v2\/users\/20"}],"replies":[{"embeddable":true,"href":"http:\/\/desarrollo.grupomedios.com\/futbol\/wp-json\/wp\/v2\/comments?post=389870"}],"version-history":[{"count":0,"href":"http:\/\/desarrollo.grupomedios.com\/futbol\/wp-json\/wp\/v2\/posts\/389870\/revisions"}],"wp:featuredmedia":[{"embeddable":true,"href":"http:\/\/desarrollo.grupomedios.com\/futbol\/wp-json\/wp\/v2\/media\/432093"}],"wp:attachment":[{"href":"http:\/\/desarrollo.grupomedios.com\/futbol\/wp-json\/wp\/v2\/media?parent=389870"}],"wp:term":[{"taxonomy":"category","embeddable":true,"href":"http:\/\/desarrollo.grupomedios.com\/futbol\/wp-json\/wp\/v2\/categories?post=389870"},{"taxonomy":"post_tag","embeddable":true,"href":"http:\/\/desarrollo.grupomedios.com\/futbol\/wp-json\/wp\/v2\/tags?post=389870"}],"curies":[{"name":"wp","href":"https:\/\/api.w.org\/{rel}","templated":true}]}}