{"id":389943,"date":"2016-04-20T12:06:33","date_gmt":"2016-04-20T18:06:33","guid":{"rendered":"http:\/\/www.futboltotal.com.mx\/?p=389943"},"modified":"2016-04-20T12:09:21","modified_gmt":"2016-04-20T18:09:21","slug":"finales-mexicanas-en-concachampions","status":"publish","type":"post","link":"http:\/\/desarrollo.grupomedios.com\/futbol\/uncategorized\/finales-mexicanas-en-concachampions\/2016\/04","title":{"rendered":"Finales mexicanas en Concachampions"},"content":{"rendered":"<p><a href=\"http:\/\/futboltotal.com.mx\/equipos\/tigres\/\" target=\"_blank\"><strong>Tigres<\/strong><\/a> y <strong><a href=\"http:\/\/futboltotal.com.mx\/equipos\/america\/\" target=\"_blank\">Am\u00e9rica<\/a><\/strong> han sido protagonistas de duelos memorables en los \u00faltimos a\u00f1os- Nuevamente el destino los junt\u00f3 en un choque crucial, pues definir\u00e1n al campe\u00f3n de Concacaf, <a href=\"http:\/\/www.futboltotal.com.mx\/2016\/04\/aumentan-los-lesionados-america-previo-a-la-final-concachampions\/\" target=\"_blank\">pero con las ocho bajas que sufren las <em>\u00c1guilas<\/em><\/a>, su \u00fanico consuelo es que en los \u00faltimos 10 a\u00f1os, hay una clara tendencia a favor de los que locales en la Vuelta.<\/p>\n<p><a href=\"http:\/\/www.futboltotal.com.mx\/wp-content\/uploads\/2016\/04\/tigres-vs-america-concachampions-1.jpg\" rel=\"attachment wp-att-390067\"><img decoding=\"async\" loading=\"lazy\" class=\"alignnone size-full wp-image-390067\" src=\"http:\/\/www.futboltotal.com.mx\/wp-content\/uploads\/2016\/04\/tigres-vs-america-concachampions-1.jpg\" alt=\"tigres-vs-america-concachampions\" srcset=\"http:\/\/desarrollo.grupomedios.com\/futbol\/wp-content\/uploads\/2016\/04\/tigres-vs-america-concachampions-1.jpg 940w, http:\/\/desarrollo.grupomedios.com\/futbol\/wp-content\/uploads\/2016\/04\/tigres-vs-america-concachampions-1-256x300.jpg 256w, http:\/\/desarrollo.grupomedios.com\/futbol\/wp-content\/uploads\/2016\/04\/tigres-vs-america-concachampions-1-768x899.jpg 768w, http:\/\/desarrollo.grupomedios.com\/futbol\/wp-content\/uploads\/2016\/04\/tigres-vs-america-concachampions-1-875x1024.jpg 875w\" sizes=\"(max-width: 940px) 100vw, 940px\" \/><\/a><\/p>\n<p>Como era de esperarse, la Liga MX es la gigante de la zona, para muestra las \u00faltimas 10 finales de la <strong>Concachampions<\/strong> en las que siete han sido entre clubes nacionales, las \u00fanicas que no son:\u00a0en la primera de\u00a02008 entre Saprissa de Costa Rica y Pachuca, ah\u00ed los <em>Tuzos<\/em> se impusieron 3-2.<\/p>\n<p>Las otras dos fueron en 2011 con Real Salt Lake y Monterrey, con triunfo de\u00a0los regios (2-3) y en 2015 donde <strong>Am\u00e9rica<\/strong> venci\u00f3 3-5 al Impact Montreal.<\/p>\n<p>De las otras siete Finales de la \u00faltima d\u00e9cada, los que cierran en casa tienen ventaja ya que cinco consiguieron coronarse, s\u00f3lo los <em>Rayados<\/em> lo hicieron de visitante en 2013 ante Santos Laguna (2-4) y Cruz Azul frente al Toluca (1-1) en 2014.<\/p>\n<p>\u00bfConseguir\u00e1 <strong>Am\u00e9rica<\/strong> sacar provecho de dicha estad\u00edstica contra <strong>Tigres<\/strong>?<\/p>\n<p><span style=\"color: #ff0000;\">VIDEO: Agenda TV | Jornada 15 Liga MX<\/span><br \/>\n[video_player]https:\/\/player.vimeo.com\/external\/163439133.sd.mp4?s=a28319a3755929b648cead45fa31a006bfc27259&amp;profile_id=165[\/video_player]<\/p>\n","protected":false},"excerpt":{"rendered":"<p>Los que cierran en casa tienen amplias ventajas <\/p>\n","protected":false},"author":20,"featured_media":389944,"comment_status":"closed","ping_status":"closed","sticky":false,"template":"","format":"standard","meta":[],"categories":[1],"tags":[5959,3182,5973],"_links":{"self":[{"href":"http:\/\/desarrollo.grupomedios.com\/futbol\/wp-json\/wp\/v2\/posts\/389943"}],"collection":[{"href":"http:\/\/desarrollo.grupomedios.com\/futbol\/wp-json\/wp\/v2\/posts"}],"about":[{"href":"http:\/\/desarrollo.grupomedios.com\/futbol\/wp-json\/wp\/v2\/types\/post"}],"author":[{"embeddable":true,"href":"http:\/\/desarrollo.grupomedios.com\/futbol\/wp-json\/wp\/v2\/users\/20"}],"replies":[{"embeddable":true,"href":"http:\/\/desarrollo.grupomedios.com\/futbol\/wp-json\/wp\/v2\/comments?post=389943"}],"version-history":[{"count":0,"href":"http:\/\/desarrollo.grupomedios.com\/futbol\/wp-json\/wp\/v2\/posts\/389943\/revisions"}],"wp:featuredmedia":[{"embeddable":true,"href":"http:\/\/desarrollo.grupomedios.com\/futbol\/wp-json\/wp\/v2\/media\/389944"}],"wp:attachment":[{"href":"http:\/\/desarrollo.grupomedios.com\/futbol\/wp-json\/wp\/v2\/media?parent=389943"}],"wp:term":[{"taxonomy":"category","embeddable":true,"href":"http:\/\/desarrollo.grupomedios.com\/futbol\/wp-json\/wp\/v2\/categories?post=389943"},{"taxonomy":"post_tag","embeddable":true,"href":"http:\/\/desarrollo.grupomedios.com\/futbol\/wp-json\/wp\/v2\/tags?post=389943"}],"curies":[{"name":"wp","href":"https:\/\/api.w.org\/{rel}","templated":true}]}}