{"id":389993,"date":"2016-04-20T08:30:53","date_gmt":"2016-04-20T14:30:53","guid":{"rendered":"http:\/\/www.futboltotal.com.mx\/?p=389993"},"modified":"2016-04-20T08:30:53","modified_gmt":"2016-04-20T14:30:53","slug":"cristiano-ronaldo-se-burla-caida-james","status":"publish","type":"post","link":"http:\/\/desarrollo.grupomedios.com\/futbol\/videos\/cristiano-ronaldo-se-burla-caida-james\/2016\/04","title":{"rendered":"Cristiano Ronaldo se burla de ca\u00edda de James"},"content":{"rendered":"<p>Una c\u00f3mica imagen de <strong>Cristiano Ronaldo<\/strong> y <strong>James Rodr\u00edguez<\/strong> durante el entrenamiento que realiz\u00f3 el <strong>Real Madrid<\/strong> se ha convertido en un aut\u00e9ntico fen\u00f3meno viral. La situaci\u00f3n se produjo durante la celebraci\u00f3n de un rondo en el que el <em>cafetalero<\/em> se cae al pasar un bal\u00f3n.<\/p>\n<p style=\"text-align: center;\"><strong><span style=\"color: #3366ff;\"><a style=\"color: #3366ff;\" href=\"http:\/\/www.futboltotal.com.mx\/2016\/04\/layun-se-acerca-al-real-madrid-desinteres-porto\/\">LEER M\u00c1S: Lay\u00fan se acerca al Real Madrid por desinter\u00e9s de Porto<\/a><\/span><\/strong><\/p>\n<p>Una acci\u00f3n que provoca las risas de <strong>Cristiano Ronaldo<\/strong>, qui\u00e9n acaba imit\u00e1ndole ante todos sus compa\u00f1eros. Todos los jugadores se mofaron de <strong>James<\/strong> que este mi\u00e9rcoles volver\u00e1 a optar a la titularidad ante el Villarreal en el Santiago Bernab\u00e9u.<\/p>\n<p><iframe loading=\"lazy\" src=\"https:\/\/www.youtube.com\/embed\/DVsiQft1eJg\" frameborder=\"0\" allowfullscreen=\"allowfullscreen\"><\/iframe><\/p>\n","protected":false},"excerpt":{"rendered":"<p>Excelente ambiente en el seno merengue <\/p>\n","protected":false},"author":20,"featured_media":389994,"comment_status":"closed","ping_status":"closed","sticky":false,"template":"","format":"standard","meta":[],"categories":[3839,3844,4],"tags":[6013,6082,5988],"_links":{"self":[{"href":"http:\/\/desarrollo.grupomedios.com\/futbol\/wp-json\/wp\/v2\/posts\/389993"}],"collection":[{"href":"http:\/\/desarrollo.grupomedios.com\/futbol\/wp-json\/wp\/v2\/posts"}],"about":[{"href":"http:\/\/desarrollo.grupomedios.com\/futbol\/wp-json\/wp\/v2\/types\/post"}],"author":[{"embeddable":true,"href":"http:\/\/desarrollo.grupomedios.com\/futbol\/wp-json\/wp\/v2\/users\/20"}],"replies":[{"embeddable":true,"href":"http:\/\/desarrollo.grupomedios.com\/futbol\/wp-json\/wp\/v2\/comments?post=389993"}],"version-history":[{"count":0,"href":"http:\/\/desarrollo.grupomedios.com\/futbol\/wp-json\/wp\/v2\/posts\/389993\/revisions"}],"wp:featuredmedia":[{"embeddable":true,"href":"http:\/\/desarrollo.grupomedios.com\/futbol\/wp-json\/wp\/v2\/media\/389994"}],"wp:attachment":[{"href":"http:\/\/desarrollo.grupomedios.com\/futbol\/wp-json\/wp\/v2\/media?parent=389993"}],"wp:term":[{"taxonomy":"category","embeddable":true,"href":"http:\/\/desarrollo.grupomedios.com\/futbol\/wp-json\/wp\/v2\/categories?post=389993"},{"taxonomy":"post_tag","embeddable":true,"href":"http:\/\/desarrollo.grupomedios.com\/futbol\/wp-json\/wp\/v2\/tags?post=389993"}],"curies":[{"name":"wp","href":"https:\/\/api.w.org\/{rel}","templated":true}]}}