{"id":390019,"date":"2016-04-20T10:53:22","date_gmt":"2016-04-20T16:53:22","guid":{"rendered":"http:\/\/www.futboltotal.com.mx\/?p=390019"},"modified":"2016-04-26T18:56:50","modified_gmt":"2016-04-27T00:56:50","slug":"joaquin-del-olmo-primer-mexicano-en-jugar-en-holanda","status":"publish","type":"post","link":"http:\/\/desarrollo.grupomedios.com\/futbol\/destacado-home\/joaquin-del-olmo-primer-mexicano-en-jugar-en-holanda\/2016\/04","title":{"rendered":"El Jaibo que abri\u00f3 puertas holandesas&#8230;"},"content":{"rendered":"<p>20 a\u00f1os atr\u00e1s,\u00a0un mexicano se aventur\u00f3 a una ex\u00f3tica experiencia holandesa. Y\u00a0sin pensarlo, abri\u00f3 las puertas para varios de sus connacionales en la Eredivisie. En la actualidad, es com\u00fan ver brillar a H\u00e9ctor Moreno y Andr\u00e9s Guardado con el PSV, pero -quiz\u00e1- sin la apuesta de <strong>Joaqu\u00edn del Olmo<\/strong> nada de esto ser\u00eda posible.<\/p>\n<p style=\"text-align: right;\"><em>* Contenido interactivo:\u00a0<\/em><em>Coloca el dedo \u00edndice o el cursor sobre cada imagen para ver la informaci\u00f3n.<\/em><\/p>\n<p><script src=\"\/\/cdn.playbuzz.com\/widget\/feed.js\" type=\"text\/javascript\"><\/script><\/p>\n<div class=\"pb_feed\" data-embed-by=\"d43f3879-83ed-40bc-99d7-fde80605466f\" data-game=\"\/futboltotal\/mexicanos-en-holanda\" data-recommend=\"false\" data-game-info=\"false\" data-comments=\"false\"><\/div>\n<p>El <em>Jaibo<\/em>, como era conocido <strong>Joaqu\u00edn del Olmo<\/strong> por ser oriundo de Tampico, fue solicitado por Leo Benhhaker tras su regreso a la <strong>Eredivisie<\/strong>. Con el estratega holand\u00e9s,\u00a0el jugador mexicano\u00a0coincidi\u00f3 en una de las mejores \u00e9pocas del Am\u00e9rica en cuanto a empat\u00eda con su fanaticada, esencialmente por un futbol muy vistoso.<\/p>\n<p style=\"text-align: center;\"><strong><span style=\"color: #3366ff;\"><a style=\"color: #3366ff;\" href=\"http:\/\/www.futboltotal.com.mx\/2016\/04\/andres-guardado-regresa-a-las-canchas\/\">LEER M\u00c1S: Guardado, a la carga con el PSV<\/a><\/span><\/strong><\/p>\n<p>&#8220;Era muy buen jugador, un gran conocedor del juego. Sab\u00eda c\u00f3mo cambiar un partido; era un jugador inteligente y que no estaba pendiente s\u00f3lo de su propia actuaci\u00f3n. Para m\u00ed fue un futbolista muy importante&#8221; relata Benhhaker sobre <strong>Del Olmo<\/strong>, que disput\u00f3 la campa\u00f1a 1996-97 con Vitesse y ayud\u00f3 al club a clasificar a la Copa UEFA.<\/p>\n<p>Hoy,\u00a0en el cumplea\u00f1os del <em>Jaibo<\/em>, recordamos a los mexicanos en la <strong>Eredivisie<\/strong>, con menci\u00f3n especial para \u00e9l,\u00a0por ser el precursor de los <em>aztecas<\/em> en Holanda.<\/p>\n","protected":false},"excerpt":{"rendered":"<p>Futbol Total recuerda a Del Olmo, el primer mexicano que jug\u00f3 en Holanda<\/p>\n","protected":false},"author":20,"featured_media":390040,"comment_status":"closed","ping_status":"closed","sticky":false,"template":"","format":"standard","meta":[],"categories":[5,3839,7025,6718],"tags":[405,4545],"_links":{"self":[{"href":"http:\/\/desarrollo.grupomedios.com\/futbol\/wp-json\/wp\/v2\/posts\/390019"}],"collection":[{"href":"http:\/\/desarrollo.grupomedios.com\/futbol\/wp-json\/wp\/v2\/posts"}],"about":[{"href":"http:\/\/desarrollo.grupomedios.com\/futbol\/wp-json\/wp\/v2\/types\/post"}],"author":[{"embeddable":true,"href":"http:\/\/desarrollo.grupomedios.com\/futbol\/wp-json\/wp\/v2\/users\/20"}],"replies":[{"embeddable":true,"href":"http:\/\/desarrollo.grupomedios.com\/futbol\/wp-json\/wp\/v2\/comments?post=390019"}],"version-history":[{"count":0,"href":"http:\/\/desarrollo.grupomedios.com\/futbol\/wp-json\/wp\/v2\/posts\/390019\/revisions"}],"wp:featuredmedia":[{"embeddable":true,"href":"http:\/\/desarrollo.grupomedios.com\/futbol\/wp-json\/wp\/v2\/media\/390040"}],"wp:attachment":[{"href":"http:\/\/desarrollo.grupomedios.com\/futbol\/wp-json\/wp\/v2\/media?parent=390019"}],"wp:term":[{"taxonomy":"category","embeddable":true,"href":"http:\/\/desarrollo.grupomedios.com\/futbol\/wp-json\/wp\/v2\/categories?post=390019"},{"taxonomy":"post_tag","embeddable":true,"href":"http:\/\/desarrollo.grupomedios.com\/futbol\/wp-json\/wp\/v2\/tags?post=390019"}],"curies":[{"name":"wp","href":"https:\/\/api.w.org\/{rel}","templated":true}]}}