{"id":390038,"date":"2016-04-20T10:41:46","date_gmt":"2016-04-20T16:41:46","guid":{"rendered":"http:\/\/www.futboltotal.com.mx\/?p=390038"},"modified":"2016-04-20T10:41:48","modified_gmt":"2016-04-20T16:41:48","slug":"candidato-suplir-a-neymar","status":"publish","type":"post","link":"http:\/\/desarrollo.grupomedios.com\/futbol\/destacado-home\/candidato-suplir-a-neymar\/2016\/04","title":{"rendered":"El candidato para suplir a Neymar&#8230;"},"content":{"rendered":"<p>\u00bf<strong>Neymar<\/strong> seguir\u00e1 en el <strong>Barcelona<\/strong>? Hasta ahora, luce complicado asegurarlo. Y ante ese panorama, se especula que la directiva <em>blaugrana<\/em> trabaja en la b\u00fasqueda del posible sustituto del astro brasile\u00f1o.<\/p>\n<p>Seg\u00fan publica el diario <em>Bild<\/em>, Ariedo Braida, director de futbol internacional del <strong>Barcelona<\/strong>, sigue de cerca al delantero gabon\u00e9s <strong>Pierre-Emerick Aubameyang<\/strong>, jugador del Borussia Dortmund.<\/p>\n<p><a href=\"http:\/\/www.futboltotal.com.mx\/2016\/04\/candidato-suplir-a-neymar\/botines-aubameyang-mercurial\/\" rel=\"attachment wp-att-390041\"><img decoding=\"async\" loading=\"lazy\" class=\"aligncenter size-full wp-image-390041\" src=\"http:\/\/www.futboltotal.com.mx\/wp-content\/uploads\/2016\/04\/botines-Aubameyang-mercurial.jpg\" alt=\"botines-Aubameyang-mercurial\" srcset=\"http:\/\/desarrollo.grupomedios.com\/futbol\/wp-content\/uploads\/2016\/04\/botines-Aubameyang-mercurial.jpg 820w, http:\/\/desarrollo.grupomedios.com\/futbol\/wp-content\/uploads\/2016\/04\/botines-Aubameyang-mercurial-300x128.jpg 300w, http:\/\/desarrollo.grupomedios.com\/futbol\/wp-content\/uploads\/2016\/04\/botines-Aubameyang-mercurial-768x328.jpg 768w\" sizes=\"(max-width: 820px) 100vw, 820px\" \/><\/a><\/p>\n<p>En tanto, la prensa espa\u00f1ola apunta que la secretar\u00eda t\u00e9cnica <em>cul\u00e9<\/em> consideran a <strong>Aubameyang<\/strong>, una de las grandes estrellas goleadoras de la Bundesliga, como un complemento ideal para el <em>Bar\u00e7a<\/em> si finalmente <strong>Neymar<\/strong> decide marcharse al Paris Saint-Germain o a la <em>Premier League<\/em>.<\/p>\n<p>\u201cSi en alg\u00fan momento nos llega una oferta de 100 o 120 millones por Aubameyang, entonces lo discutiremos\u201d, ha dicho Hans-Joachim Watzke, director deportivo del club alem\u00e1n. Solo una cifra de este tama\u00f1o podr\u00e1 romper el contrato que <strong>Aubameyang<\/strong> renov\u00f3 recientemente con el <em>BVB <\/em>hasta 2020.<\/p>\n<p style=\"text-align: center;\"><span style=\"color: #3366ff;\"><strong><a style=\"color: #3366ff;\" href=\"http:\/\/www.futboltotal.com.mx\/2016\/04\/entrenador-quiso-a-aubameyang-casi-regalado\/\">LEER M\u00c1S: El DT\u00a0que no quiso a Aubameyang casi regalado<\/a><\/strong><\/span><\/p>\n<p>Sobre <strong>Neymar<\/strong>, los dirigentes del Barcelona han insistido en que el brasile\u00f1o no se va a mover, aunque tambi\u00e9n es cierto que el <a href=\"http:\/\/www.futboltotal.com.mx\/2016\/03\/borussia-dortmund-le-pone-precio-a-aubameyang\/\" target=\"_blank\">Real Madrid, Manchester United y el PSG estar\u00edan dispuestos a pagar estratosf\u00e9ricas cantidades por <em>Ney<\/em><\/a>.<\/p>\n","protected":false},"excerpt":{"rendered":"<p>Pierre-Emerick Aubameyang ser\u00eda el elegido del Barcelona<\/p>\n","protected":false},"author":20,"featured_media":390039,"comment_status":"closed","ping_status":"closed","sticky":false,"template":"","format":"standard","meta":[],"categories":[5,3839,3844],"tags":[5861,5984],"_links":{"self":[{"href":"http:\/\/desarrollo.grupomedios.com\/futbol\/wp-json\/wp\/v2\/posts\/390038"}],"collection":[{"href":"http:\/\/desarrollo.grupomedios.com\/futbol\/wp-json\/wp\/v2\/posts"}],"about":[{"href":"http:\/\/desarrollo.grupomedios.com\/futbol\/wp-json\/wp\/v2\/types\/post"}],"author":[{"embeddable":true,"href":"http:\/\/desarrollo.grupomedios.com\/futbol\/wp-json\/wp\/v2\/users\/20"}],"replies":[{"embeddable":true,"href":"http:\/\/desarrollo.grupomedios.com\/futbol\/wp-json\/wp\/v2\/comments?post=390038"}],"version-history":[{"count":0,"href":"http:\/\/desarrollo.grupomedios.com\/futbol\/wp-json\/wp\/v2\/posts\/390038\/revisions"}],"wp:featuredmedia":[{"embeddable":true,"href":"http:\/\/desarrollo.grupomedios.com\/futbol\/wp-json\/wp\/v2\/media\/390039"}],"wp:attachment":[{"href":"http:\/\/desarrollo.grupomedios.com\/futbol\/wp-json\/wp\/v2\/media?parent=390038"}],"wp:term":[{"taxonomy":"category","embeddable":true,"href":"http:\/\/desarrollo.grupomedios.com\/futbol\/wp-json\/wp\/v2\/categories?post=390038"},{"taxonomy":"post_tag","embeddable":true,"href":"http:\/\/desarrollo.grupomedios.com\/futbol\/wp-json\/wp\/v2\/tags?post=390038"}],"curies":[{"name":"wp","href":"https:\/\/api.w.org\/{rel}","templated":true}]}}