{"id":390152,"date":"2016-04-20T16:03:49","date_gmt":"2016-04-20T22:03:49","guid":{"rendered":"http:\/\/www.futboltotal.com.mx\/?p=390152"},"modified":"2016-04-20T16:48:11","modified_gmt":"2016-04-20T22:48:11","slug":"memo-ochoa-rescata-empate-con-malaga","status":"publish","type":"post","link":"http:\/\/desarrollo.grupomedios.com\/futbol\/futbol-internacional\/memo-ochoa-rescata-empate-con-malaga\/2016\/04","title":{"rendered":"Memo Ochoa cumple con M\u00e1laga"},"content":{"rendered":"<p>El portero\u00a0<strong>Guillermo Ochoa<\/strong>\u00a0fue titular en el dram\u00e1tico empate 1-1 del <strong>M\u00e1laga<\/strong> ante Rayo Vallecano, en la Jornada 34 de la Liga de Espa\u00f1a, disputado en el estadio La Rosaleda.<\/p>\n<p>Pese a recibir un gol, el mexicano tuvo una actuaci\u00f3n rentable y estuvo a las exigencias de un rival que apenas pudo rematar cuatro ocasiones entre los tres palos; la m\u00e1s peligrosa del primer tiempo fue a los 11 minutos luego de un remate de Quini. La diosa Fortuna lo cobij\u00f3 y el bal\u00f3n termin\u00f3 en el larguero.\u00a0Embarba prob\u00f3 los reflejos del mexicano pocos minutos despu\u00e9s y tampoco pudo vulnerarlo.<\/p>\n<p style=\"text-align: center;\"><span style=\"color: #3366ff;\"><strong><a style=\"color: #3366ff;\" href=\"http:\/\/www.futboltotal.com.mx\/futbol-internacional\/mexicanos-en-europa\/\">LEER M\u00c1S: Todas las noticias de mexicanos en Europa<\/a><\/strong><\/span><\/p>\n<p>La primera jugada de peligro fue por parte del conjunto local al minuto 23, cuando el centrocampista venezolano <em>Juanpi<\/em>\u00a0dispar\u00f3 de pie derecho, pero el bal\u00f3n pas\u00f3 por encima del arco defendido por el guardameta Juan Carlos Mart\u00edn.<\/p>\n<p>En la parte complementaria, el cuadro de Vallecas consigui\u00f3 la primera anotaci\u00f3n por conducto del mediocampista Jos\u00e9 Ra\u00fal Baena, quien al 62 recibi\u00f3 la asistencia de Adri\u00e1n Embarba y dobleg\u00f3 a <strong>Ochoa<\/strong>.<\/p>\n<p>Pero en el tiempo a\u00f1adido, los pupilos de Javier Gracia alcanzaron el empate, cuando el delantero paraguayo Roque Santa Cruz habilit\u00f3 al defensa uruguayo Federico Ricca, quien remat\u00f3 ante la marca de la zaga y sentenci\u00f3 la igualada al 90+1.<\/p>\n","protected":false},"excerpt":{"rendered":"<p>El portero mexicano fue titular por sexta ocasi\u00f3n en la liga <\/p>\n","protected":false},"author":20,"featured_media":390172,"comment_status":"closed","ping_status":"closed","sticky":false,"template":"","format":"standard","meta":[],"categories":[3839,3844,6718,5951],"tags":[306,679],"_links":{"self":[{"href":"http:\/\/desarrollo.grupomedios.com\/futbol\/wp-json\/wp\/v2\/posts\/390152"}],"collection":[{"href":"http:\/\/desarrollo.grupomedios.com\/futbol\/wp-json\/wp\/v2\/posts"}],"about":[{"href":"http:\/\/desarrollo.grupomedios.com\/futbol\/wp-json\/wp\/v2\/types\/post"}],"author":[{"embeddable":true,"href":"http:\/\/desarrollo.grupomedios.com\/futbol\/wp-json\/wp\/v2\/users\/20"}],"replies":[{"embeddable":true,"href":"http:\/\/desarrollo.grupomedios.com\/futbol\/wp-json\/wp\/v2\/comments?post=390152"}],"version-history":[{"count":0,"href":"http:\/\/desarrollo.grupomedios.com\/futbol\/wp-json\/wp\/v2\/posts\/390152\/revisions"}],"wp:featuredmedia":[{"embeddable":true,"href":"http:\/\/desarrollo.grupomedios.com\/futbol\/wp-json\/wp\/v2\/media\/390172"}],"wp:attachment":[{"href":"http:\/\/desarrollo.grupomedios.com\/futbol\/wp-json\/wp\/v2\/media?parent=390152"}],"wp:term":[{"taxonomy":"category","embeddable":true,"href":"http:\/\/desarrollo.grupomedios.com\/futbol\/wp-json\/wp\/v2\/categories?post=390152"},{"taxonomy":"post_tag","embeddable":true,"href":"http:\/\/desarrollo.grupomedios.com\/futbol\/wp-json\/wp\/v2\/tags?post=390152"}],"curies":[{"name":"wp","href":"https:\/\/api.w.org\/{rel}","templated":true}]}}