{"id":390153,"date":"2016-04-20T15:50:59","date_gmt":"2016-04-20T21:50:59","guid":{"rendered":"http:\/\/www.futboltotal.com.mx\/?p=390153"},"modified":"2016-04-20T15:53:50","modified_gmt":"2016-04-20T21:53:50","slug":"cancion-tigres-rumbo-al-mundial-clubes","status":"publish","type":"post","link":"http:\/\/desarrollo.grupomedios.com\/futbol\/videos\/cancion-tigres-rumbo-al-mundial-clubes\/2016\/04","title":{"rendered":"&#8220;Que chin&#8230; el Ame&#8221;: nuevo himno de Tigres"},"content":{"rendered":"<p>\u00c1ngel Gast\u00f3n Navarro, aficionado de <a href=\"http:\/\/futboltotal.com.mx\/equipos\/tigres\/\" target=\"_blank\"><strong>Tigres<\/strong><\/a>, compuso una canci\u00f3n al cuadro que dirige Ricardo Ferretti, para impulsar al equipo para que se imponga ante el Am\u00e9rica en la final de la <strong>Concachampions<\/strong> y asegure su boleto al Mundial de Clubes. El video del c\u00e1ntico fue subido a Youtube y se viraliz\u00f3 en las redes sociales, sobre todo por la introducci\u00f3n, que incluye una frase famosa anti-americanista.<\/p>\n<p style=\"text-align: center;\"><span style=\"color: #3366ff;\"><strong><a style=\"color: #3366ff;\" href=\"http:\/\/www.futboltotal.com.mx\/2016\/04\/frente-a-frente-america-vs-tigres-rumbo-al-mundial-clubes\/\" target=\"_blank\">LEER M\u00c1S: \u00bfQui\u00e9n es m\u00e1s poderoso, Am\u00e9rica o Tigres?<\/a><\/strong><\/span><\/p>\n<p><iframe loading=\"lazy\" style=\"border: none; overflow: hidden;\" src=\"https:\/\/www.facebook.com\/plugins\/video.php?href=https%3A%2F%2Fwww.facebook.com%2Fangelgn2%2Fvideos%2Fvb.1357512718%2F10209474789570794%2F%3Ftype%3D3&amp;show_text=0&amp;width=560\" frameborder=\"0\" scrolling=\"no\" allowfullscreen=\"allowfullscreen\"><\/iframe><\/p>\n","protected":false},"excerpt":{"rendered":"<p>Aficionado felino compone canci\u00f3n rumbo al Mundial de Clubes<\/p>\n","protected":false},"author":20,"featured_media":390155,"comment_status":"closed","ping_status":"closed","sticky":false,"template":"","format":"standard","meta":[],"categories":[5398,3839,2198,4,6433],"tags":[5959,3182,5973],"_links":{"self":[{"href":"http:\/\/desarrollo.grupomedios.com\/futbol\/wp-json\/wp\/v2\/posts\/390153"}],"collection":[{"href":"http:\/\/desarrollo.grupomedios.com\/futbol\/wp-json\/wp\/v2\/posts"}],"about":[{"href":"http:\/\/desarrollo.grupomedios.com\/futbol\/wp-json\/wp\/v2\/types\/post"}],"author":[{"embeddable":true,"href":"http:\/\/desarrollo.grupomedios.com\/futbol\/wp-json\/wp\/v2\/users\/20"}],"replies":[{"embeddable":true,"href":"http:\/\/desarrollo.grupomedios.com\/futbol\/wp-json\/wp\/v2\/comments?post=390153"}],"version-history":[{"count":0,"href":"http:\/\/desarrollo.grupomedios.com\/futbol\/wp-json\/wp\/v2\/posts\/390153\/revisions"}],"wp:featuredmedia":[{"embeddable":true,"href":"http:\/\/desarrollo.grupomedios.com\/futbol\/wp-json\/wp\/v2\/media\/390155"}],"wp:attachment":[{"href":"http:\/\/desarrollo.grupomedios.com\/futbol\/wp-json\/wp\/v2\/media?parent=390153"}],"wp:term":[{"taxonomy":"category","embeddable":true,"href":"http:\/\/desarrollo.grupomedios.com\/futbol\/wp-json\/wp\/v2\/categories?post=390153"},{"taxonomy":"post_tag","embeddable":true,"href":"http:\/\/desarrollo.grupomedios.com\/futbol\/wp-json\/wp\/v2\/tags?post=390153"}],"curies":[{"name":"wp","href":"https:\/\/api.w.org\/{rel}","templated":true}]}}