{"id":390182,"date":"2016-04-20T16:39:19","date_gmt":"2016-04-20T22:39:19","guid":{"rendered":"http:\/\/www.futboltotal.com.mx\/?p=390182"},"modified":"2016-04-20T17:18:27","modified_gmt":"2016-04-20T23:18:27","slug":"oficial-neymar-ira-a-los-juegos-olimpicos","status":"publish","type":"post","link":"http:\/\/desarrollo.grupomedios.com\/futbol\/destacado-home\/oficial-neymar-ira-a-los-juegos-olimpicos\/2016\/04","title":{"rendered":"OFICIAL: Neymar no ir\u00e1 a Copa Am\u00e9rica"},"content":{"rendered":"<p>\u00bf<strong>Copa Am\u00e9rica<\/strong> o Juegos Ol\u00edmpicos? La duda se gener\u00f3 alrededor de la figura de\u00a0<strong>Neymar<\/strong>.\u00a0Como se adelant\u00f3 en semanas anteriores, <strong>Barcelona<\/strong> s\u00f3lo accedi\u00f3 a prestar al delantero a un s\u00f3lo torneo. Por eso,\u00a0Brasil se decant\u00f3 por la justa de R\u00edo 2016.<\/p>\n<p>Por medio de un comunicado de prensa, los <em>Cul\u00e9s<\/em>\u00a0informaron que <strong>Neymar<\/strong> estar\u00e1 en los Juegos Ol\u00edmpicos,\u00a0que se realizar\u00e1 en\u00a0el pa\u00eds del futbolista. Por ende, el astro brasile\u00f1o\u00a0se perder\u00e1 la <strong>Copa Am\u00e9rica<\/strong> que se disputar\u00e1 en Estados Unidos en junio pr\u00f3ximo.<\/p>\n<blockquote class=\"twitter-tweet\" data-lang=\"es\">\n<p dir=\"ltr\" lang=\"es\">Todos los detalles del acuerdo entre el FC Barcelona y la Confederaci\u00f3n Brasile\u00f1a de F\u00fatbol <a href=\"https:\/\/t.co\/IAH3zhBlaJ\">https:\/\/t.co\/IAH3zhBlaJ<\/a> <a href=\"https:\/\/t.co\/yP65XDW5j9\">pic.twitter.com\/yP65XDW5j9<\/a><\/p>\n<p>\u2014 FC Barcelona (@FCBarcelona_es) <a href=\"https:\/\/twitter.com\/FCBarcelona_es\/status\/722900555358543878\">20 de abril de 2016<\/a><\/p><\/blockquote>\n<p><script src=\"\/\/platform.twitter.com\/widgets.js\" async=\"\" charset=\"utf-8\"><\/script><\/p>\n<p>&#8220;El FC <strong>Barcelona<\/strong> agradece a la Confederaci\u00f3n Brasile\u00f1a de Futbol, y a su presidente, Marco Polo del Nero, que haya aceptado la propuesta que le hizo llegar el club para que su jugador <strong>Neymar<\/strong> Jr. s\u00f3lo tenga que disputar los Juegos Ol\u00edmpicos de Brasil 2016, que se celebrar\u00e1n entre el 3 y el 21 de agosto.<\/p>\n<p>&#8220;De esta manera, <strong>Neymar<\/strong>\u00a0queda liberado de jugar la <strong>Copa Am\u00e9rica<\/strong> que se disputar\u00e1 en los Estados Unidos, entre el 3 y el 26 de junio&#8221;, explica el texto.<\/p>\n<p style=\"text-align: center;\"><span style=\"color: #3366ff;\"><strong><a style=\"color: #3366ff;\" href=\"http:\/\/www.futboltotal.com.mx\/2016\/04\/suarez-mantiene-lider-al-barcelona\/\" target=\"_blank\">LEER M\u00c1S: Neymar colabora en masacre al Deportivo la Coru\u00f1a<\/a><\/strong><\/span><\/p>\n<p>Lo llamativo del caso,\u00a0es que <strong>Brasil<\/strong> estaba en su derecho de exigir que <strong>Neymar<\/strong> jugara el torneo en tierras norteamericanas al ser organizado por la\u00a0FIFA, pero se arriesgaba a que el <em>Bar\u00e7a<\/em> no lo cediera para los Juegos Ol\u00edmpicos, los cuales son prioridad del <em>Scratch<\/em> despu\u00e9s del fracaso en el Mundial de 2014.<\/p>\n<p><span style=\"color: #ff0000;\"><strong>VIDEO<\/strong>: 10 cosas que quer\u00edas saber sobre Paul Pogba<\/span><\/p>\n<p>[video_player]https:\/\/player.vimeo.com\/external\/163587707.hd.mp4?s=ffd697717b8dbd8cedfbb708968cfd05ef4c6fad&amp;profile_id=174[\/video_player]<\/p>\n","protected":false},"excerpt":{"rendered":"<p>Barcelona s\u00f3lo lo cedi\u00f3 para los Juegos Ol\u00edmpicos<\/p>\n","protected":false},"author":20,"featured_media":390183,"comment_status":"closed","ping_status":"closed","sticky":false,"template":"","format":"standard","meta":[],"categories":[6950,5,3839,3844,6953],"tags":[6009,6001],"_links":{"self":[{"href":"http:\/\/desarrollo.grupomedios.com\/futbol\/wp-json\/wp\/v2\/posts\/390182"}],"collection":[{"href":"http:\/\/desarrollo.grupomedios.com\/futbol\/wp-json\/wp\/v2\/posts"}],"about":[{"href":"http:\/\/desarrollo.grupomedios.com\/futbol\/wp-json\/wp\/v2\/types\/post"}],"author":[{"embeddable":true,"href":"http:\/\/desarrollo.grupomedios.com\/futbol\/wp-json\/wp\/v2\/users\/20"}],"replies":[{"embeddable":true,"href":"http:\/\/desarrollo.grupomedios.com\/futbol\/wp-json\/wp\/v2\/comments?post=390182"}],"version-history":[{"count":0,"href":"http:\/\/desarrollo.grupomedios.com\/futbol\/wp-json\/wp\/v2\/posts\/390182\/revisions"}],"wp:featuredmedia":[{"embeddable":true,"href":"http:\/\/desarrollo.grupomedios.com\/futbol\/wp-json\/wp\/v2\/media\/390183"}],"wp:attachment":[{"href":"http:\/\/desarrollo.grupomedios.com\/futbol\/wp-json\/wp\/v2\/media?parent=390182"}],"wp:term":[{"taxonomy":"category","embeddable":true,"href":"http:\/\/desarrollo.grupomedios.com\/futbol\/wp-json\/wp\/v2\/categories?post=390182"},{"taxonomy":"post_tag","embeddable":true,"href":"http:\/\/desarrollo.grupomedios.com\/futbol\/wp-json\/wp\/v2\/tags?post=390182"}],"curies":[{"name":"wp","href":"https:\/\/api.w.org\/{rel}","templated":true}]}}