{"id":390280,"date":"2016-04-21T13:03:41","date_gmt":"2016-04-21T19:03:41","guid":{"rendered":"http:\/\/www.futboltotal.com.mx\/?p=390280"},"modified":"2016-04-21T13:04:12","modified_gmt":"2016-04-21T19:04:12","slug":"historia-las-sedes-la-copa-america","status":"publish","type":"post","link":"http:\/\/desarrollo.grupomedios.com\/futbol\/futbol-internacional\/historia-las-sedes-la-copa-america\/2016\/04","title":{"rendered":"Historia de las sedes de la Copa Am\u00e9rica"},"content":{"rendered":"<p>Hace 100 a\u00f1os se disput\u00f3 la primera edici\u00f3n de la <strong>Copa Am\u00e9rica<\/strong>, la cual ten\u00eda un formato completamente distinto a la actualidad, pero eso no impide que desde el inicio\u00a0despertaran las emociones de todo el continente. Con tan larga historia, algunos jugadores o equipos se hicieron leyendas, pero esto no ser\u00eda posible sin las sedes que sirven como escenarios.<\/p>\n<p><a href=\"http:\/\/www.futboltotal.com.mx\/wp-content\/uploads\/2016\/04\/copa-america-1-1.jpg\" rel=\"attachment wp-att-390425\"><img decoding=\"async\" loading=\"lazy\" class=\"alignnone size-full wp-image-390425\" src=\"http:\/\/www.futboltotal.com.mx\/wp-content\/uploads\/2016\/04\/copa-america-1-1.jpg\" alt=\"copa-america-1\" srcset=\"http:\/\/desarrollo.grupomedios.com\/futbol\/wp-content\/uploads\/2016\/04\/copa-america-1-1.jpg 940w, http:\/\/desarrollo.grupomedios.com\/futbol\/wp-content\/uploads\/2016\/04\/copa-america-1-1-300x251.jpg 300w, http:\/\/desarrollo.grupomedios.com\/futbol\/wp-content\/uploads\/2016\/04\/copa-america-1-1-768x644.jpg 768w\" sizes=\"(max-width: 940px) 100vw, 940px\" \/><\/a> <a href=\"http:\/\/www.futboltotal.com.mx\/wp-content\/uploads\/2016\/04\/copa-america-2-1.jpg\" rel=\"attachment wp-att-390426\"><img decoding=\"async\" loading=\"lazy\" class=\"alignnone size-revistasmall wp-image-390426\" src=\"http:\/\/www.futboltotal.com.mx\/wp-content\/uploads\/2016\/04\/copa-america-2-1.jpg\" alt=\"copa-america-2\" srcset=\"http:\/\/desarrollo.grupomedios.com\/futbol\/wp-content\/uploads\/2016\/04\/copa-america-2-1.jpg 940w, http:\/\/desarrollo.grupomedios.com\/futbol\/wp-content\/uploads\/2016\/04\/copa-america-2-1-300x251.jpg 300w, http:\/\/desarrollo.grupomedios.com\/futbol\/wp-content\/uploads\/2016\/04\/copa-america-2-1-768x644.jpg 768w\" sizes=\"(max-width: 940px) 100vw, 940px\" \/><\/a> <a href=\"http:\/\/www.futboltotal.com.mx\/wp-content\/uploads\/2016\/04\/copa-america-3-1.jpg\" rel=\"attachment wp-att-390427\"><img decoding=\"async\" loading=\"lazy\" class=\"alignnone size-revistasmall wp-image-390427\" src=\"http:\/\/www.futboltotal.com.mx\/wp-content\/uploads\/2016\/04\/copa-america-3-1.jpg\" alt=\"copa-america-3\" srcset=\"http:\/\/desarrollo.grupomedios.com\/futbol\/wp-content\/uploads\/2016\/04\/copa-america-3-1.jpg 940w, http:\/\/desarrollo.grupomedios.com\/futbol\/wp-content\/uploads\/2016\/04\/copa-america-3-1-300x251.jpg 300w, http:\/\/desarrollo.grupomedios.com\/futbol\/wp-content\/uploads\/2016\/04\/copa-america-3-1-768x644.jpg 768w\" sizes=\"(max-width: 940px) 100vw, 940px\" \/><\/a> <a href=\"http:\/\/www.futboltotal.com.mx\/wp-content\/uploads\/2016\/04\/copa-america-4-1.jpg\" rel=\"attachment wp-att-390428\"><img decoding=\"async\" loading=\"lazy\" class=\"alignnone size-revistasmall wp-image-390428\" src=\"http:\/\/www.futboltotal.com.mx\/wp-content\/uploads\/2016\/04\/copa-america-4-1.jpg\" alt=\"copa-america-4\" srcset=\"http:\/\/desarrollo.grupomedios.com\/futbol\/wp-content\/uploads\/2016\/04\/copa-america-4-1.jpg 940w, http:\/\/desarrollo.grupomedios.com\/futbol\/wp-content\/uploads\/2016\/04\/copa-america-4-1-300x251.jpg 300w, http:\/\/desarrollo.grupomedios.com\/futbol\/wp-content\/uploads\/2016\/04\/copa-america-4-1-768x644.jpg 768w\" sizes=\"(max-width: 940px) 100vw, 940px\" \/><\/a> <a href=\"http:\/\/www.futboltotal.com.mx\/wp-content\/uploads\/2016\/04\/copa-america-5-1.jpg\" rel=\"attachment wp-att-390429\"><img decoding=\"async\" loading=\"lazy\" class=\"alignnone size-revistasmall wp-image-390429\" src=\"http:\/\/www.futboltotal.com.mx\/wp-content\/uploads\/2016\/04\/copa-america-5-1.jpg\" alt=\"copa-america-5\" srcset=\"http:\/\/desarrollo.grupomedios.com\/futbol\/wp-content\/uploads\/2016\/04\/copa-america-5-1.jpg 940w, http:\/\/desarrollo.grupomedios.com\/futbol\/wp-content\/uploads\/2016\/04\/copa-america-5-1-300x251.jpg 300w, http:\/\/desarrollo.grupomedios.com\/futbol\/wp-content\/uploads\/2016\/04\/copa-america-5-1-768x644.jpg 768w\" sizes=\"(max-width: 940px) 100vw, 940px\" \/><\/a> <a href=\"http:\/\/www.futboltotal.com.mx\/wp-content\/uploads\/2016\/04\/copa-america-7.jpg\" rel=\"attachment wp-att-390430\"><img decoding=\"async\" loading=\"lazy\" class=\"alignnone size-revistasmall wp-image-390430\" src=\"http:\/\/www.futboltotal.com.mx\/wp-content\/uploads\/2016\/04\/copa-america-7.jpg\" alt=\"copa-america-7\" srcset=\"http:\/\/desarrollo.grupomedios.com\/futbol\/wp-content\/uploads\/2016\/04\/copa-america-7.jpg 940w, http:\/\/desarrollo.grupomedios.com\/futbol\/wp-content\/uploads\/2016\/04\/copa-america-7-300x251.jpg 300w, http:\/\/desarrollo.grupomedios.com\/futbol\/wp-content\/uploads\/2016\/04\/copa-america-7-768x644.jpg 768w\" sizes=\"(max-width: 940px) 100vw, 940px\" \/><\/a> <a href=\"http:\/\/www.futboltotal.com.mx\/wp-content\/uploads\/2016\/04\/copa-america-8.jpg\" rel=\"attachment wp-att-390431\"><img decoding=\"async\" loading=\"lazy\" class=\"alignnone size-revistasmall wp-image-390431\" src=\"http:\/\/www.futboltotal.com.mx\/wp-content\/uploads\/2016\/04\/copa-america-8.jpg\" alt=\"copa-america-8\" srcset=\"http:\/\/desarrollo.grupomedios.com\/futbol\/wp-content\/uploads\/2016\/04\/copa-america-8.jpg 940w, http:\/\/desarrollo.grupomedios.com\/futbol\/wp-content\/uploads\/2016\/04\/copa-america-8-300x251.jpg 300w, http:\/\/desarrollo.grupomedios.com\/futbol\/wp-content\/uploads\/2016\/04\/copa-america-8-768x644.jpg 768w\" sizes=\"(max-width: 940px) 100vw, 940px\" \/><\/a><\/p>\n<p>&nbsp;<\/p>\n","protected":false},"excerpt":{"rendered":"<p>Checa las curiosidades hist\u00f3ricas de los escenarios del torneo<\/p>\n","protected":false},"author":20,"featured_media":390416,"comment_status":"closed","ping_status":"closed","sticky":false,"template":"","format":"standard","meta":[],"categories":[6950,3839,6956],"tags":[2130],"_links":{"self":[{"href":"http:\/\/desarrollo.grupomedios.com\/futbol\/wp-json\/wp\/v2\/posts\/390280"}],"collection":[{"href":"http:\/\/desarrollo.grupomedios.com\/futbol\/wp-json\/wp\/v2\/posts"}],"about":[{"href":"http:\/\/desarrollo.grupomedios.com\/futbol\/wp-json\/wp\/v2\/types\/post"}],"author":[{"embeddable":true,"href":"http:\/\/desarrollo.grupomedios.com\/futbol\/wp-json\/wp\/v2\/users\/20"}],"replies":[{"embeddable":true,"href":"http:\/\/desarrollo.grupomedios.com\/futbol\/wp-json\/wp\/v2\/comments?post=390280"}],"version-history":[{"count":0,"href":"http:\/\/desarrollo.grupomedios.com\/futbol\/wp-json\/wp\/v2\/posts\/390280\/revisions"}],"wp:featuredmedia":[{"embeddable":true,"href":"http:\/\/desarrollo.grupomedios.com\/futbol\/wp-json\/wp\/v2\/media\/390416"}],"wp:attachment":[{"href":"http:\/\/desarrollo.grupomedios.com\/futbol\/wp-json\/wp\/v2\/media?parent=390280"}],"wp:term":[{"taxonomy":"category","embeddable":true,"href":"http:\/\/desarrollo.grupomedios.com\/futbol\/wp-json\/wp\/v2\/categories?post=390280"},{"taxonomy":"post_tag","embeddable":true,"href":"http:\/\/desarrollo.grupomedios.com\/futbol\/wp-json\/wp\/v2\/tags?post=390280"}],"curies":[{"name":"wp","href":"https:\/\/api.w.org\/{rel}","templated":true}]}}