{"id":390392,"date":"2016-04-21T11:47:00","date_gmt":"2016-04-21T17:47:00","guid":{"rendered":"http:\/\/www.futboltotal.com.mx\/?p=390392"},"modified":"2016-04-21T11:47:00","modified_gmt":"2016-04-21T17:47:00","slug":"la-sorpresa-vicente-del-bosque-la-espana-la-eurocopa","status":"publish","type":"post","link":"http:\/\/desarrollo.grupomedios.com\/futbol\/futbol-internacional\/la-sorpresa-vicente-del-bosque-la-espana-la-eurocopa\/2016\/04","title":{"rendered":"Vicente del Bosque alista una sorpresa para Espa\u00f1a"},"content":{"rendered":"<p>A 50 d\u00edas para el inicio de la <strong>Eurocopa<\/strong>, <strong>Vicente del Bosque<\/strong> se muestra contento con el nivel que manifiesta el futbol espa\u00f1ol. &#8220;Creo que estamos en uno de los mejores momentos y seguramente una de las claves, no digo la m\u00e1s importante, pero una de las claves&#8221;, se\u00f1ala como un aliciente de cara al magno evento de verano.<\/p>\n<p>\u00bfC\u00f3mo no estarlo? Los equipos espa\u00f1oles tienen a dos semifinalistas para la Champions League y la misma cantidad para la Europa League y en ambas competencias la final podr\u00eda ser 100% ib\u00e9rica. Por i fuera poco, <strong><span style=\"color: #3366ff;\"><a style=\"color: #3366ff;\" href=\"http:\/\/www.futboltotal.com.mx\/2016\/04\/barcelona-se-aferra-a-la-cima\/\">la Liga tiene una lucha apasionante<\/a><\/span><\/strong> cuando semanas atr\u00e1s parec\u00eda definida y en esa batalla, son varios espa\u00f1oles los que se muestran con virtudes que parec\u00edan olvidadas, caso concreto, el renacer goleador de <strong>Fernando Torres<\/strong>.<\/p>\n<p style=\"text-align: center;\"><strong><span style=\"color: #3366ff;\"><a style=\"color: #3366ff;\" href=\"http:\/\/www.futboltotal.com.mx\/2016\/04\/zidane-problema-cristiano\/\">LEER M\u00c1S: Zidane tiene un problema con Cristiano<\/a><\/span><\/strong><\/p>\n<p>&#8220;Estoy muy feliz por esta racha, pero lo importante es que nos sirve para sumar puntos y acercarnos a nuestro objetivo&#8221;, asegur\u00f3 el madrile\u00f1o al t\u00e9rmino del encuentro ante el Bilbao, donde \u00e9l firm\u00f3 el tanto de la victoria y acumula cinco encuentros en fila celebrando diana.<\/p>\n<p><a href=\"http:\/\/www.futboltotal.com.mx\/wp-content\/uploads\/2016\/04\/Ni\u00f1o-Torres-y-su-renacer-goleador.jpg\" rel=\"attachment wp-att-390397\"><img decoding=\"async\" loading=\"lazy\" class=\"alignnone wp-image-390397 size-full\" src=\"http:\/\/www.futboltotal.com.mx\/wp-content\/uploads\/2016\/04\/Ni\u00f1o-Torres-y-su-renacer-goleador.jpg\" alt=\"Ni\u00f1o Torres y su renacer goleador\" srcset=\"http:\/\/desarrollo.grupomedios.com\/futbol\/wp-content\/uploads\/2016\/04\/Ni\u00f1o-Torres-y-su-renacer-goleador.jpg 820w, http:\/\/desarrollo.grupomedios.com\/futbol\/wp-content\/uploads\/2016\/04\/Ni\u00f1o-Torres-y-su-renacer-goleador-300x146.jpg 300w, http:\/\/desarrollo.grupomedios.com\/futbol\/wp-content\/uploads\/2016\/04\/Ni\u00f1o-Torres-y-su-renacer-goleador-768x375.jpg 768w\" sizes=\"(max-width: 820px) 100vw, 820px\" \/><\/a><\/p>\n<p>Por esa raz\u00f3n ser\u00eda una de las sorpresas de <strong>Vicente del Bosque<\/strong> para la <strong>Eurocopa<\/strong>. Con Diego Costa lejos de sus nivel, Aduriz lesionado y Morata\u00a0como suplente en la Juventus, la actualidad indica que Fernando Torres es una opci\u00f3n capital, sobre todo, tomando en cuenta que el Ni\u00f1o tiene una enorme experiencia y podr\u00eda llegar m\u00e1s que enrachado a su cuarta cita continental.<\/p>\n<p>&#8220;Salvo los que hayan dicho que no est\u00e1n en disposici\u00f3n de venir, nosotros no tenemos a nadie marginado si queremos elegir a los mejores&#8221;, mencion\u00f3 Del Bosque ante la eficacia de Fernando en los \u00faltimos meses.<\/p>\n","protected":false},"excerpt":{"rendered":"<p>Para la Eurocopa no existen futbolistas descartados <\/p>\n","protected":false},"author":20,"featured_media":390394,"comment_status":"closed","ping_status":"closed","sticky":false,"template":"","format":"standard","meta":[],"categories":[6995,3839,3844,6999,5951],"tags":[253,2236,1883],"_links":{"self":[{"href":"http:\/\/desarrollo.grupomedios.com\/futbol\/wp-json\/wp\/v2\/posts\/390392"}],"collection":[{"href":"http:\/\/desarrollo.grupomedios.com\/futbol\/wp-json\/wp\/v2\/posts"}],"about":[{"href":"http:\/\/desarrollo.grupomedios.com\/futbol\/wp-json\/wp\/v2\/types\/post"}],"author":[{"embeddable":true,"href":"http:\/\/desarrollo.grupomedios.com\/futbol\/wp-json\/wp\/v2\/users\/20"}],"replies":[{"embeddable":true,"href":"http:\/\/desarrollo.grupomedios.com\/futbol\/wp-json\/wp\/v2\/comments?post=390392"}],"version-history":[{"count":0,"href":"http:\/\/desarrollo.grupomedios.com\/futbol\/wp-json\/wp\/v2\/posts\/390392\/revisions"}],"wp:featuredmedia":[{"embeddable":true,"href":"http:\/\/desarrollo.grupomedios.com\/futbol\/wp-json\/wp\/v2\/media\/390394"}],"wp:attachment":[{"href":"http:\/\/desarrollo.grupomedios.com\/futbol\/wp-json\/wp\/v2\/media?parent=390392"}],"wp:term":[{"taxonomy":"category","embeddable":true,"href":"http:\/\/desarrollo.grupomedios.com\/futbol\/wp-json\/wp\/v2\/categories?post=390392"},{"taxonomy":"post_tag","embeddable":true,"href":"http:\/\/desarrollo.grupomedios.com\/futbol\/wp-json\/wp\/v2\/tags?post=390392"}],"curies":[{"name":"wp","href":"https:\/\/api.w.org\/{rel}","templated":true}]}}