{"id":390401,"date":"2016-04-21T12:17:22","date_gmt":"2016-04-21T18:17:22","guid":{"rendered":"http:\/\/www.futboltotal.com.mx\/?p=390401"},"modified":"2016-04-21T14:58:27","modified_gmt":"2016-04-21T20:58:27","slug":"chicharito-elogiado-roger-schmidt-tecnico-bayer-leverkusen","status":"publish","type":"post","link":"http:\/\/desarrollo.grupomedios.com\/futbol\/destacado-home\/chicharito-elogiado-roger-schmidt-tecnico-bayer-leverkusen\/2016\/04","title":{"rendered":"&#8220;Chicharito es \u00fanico&#8230;&#8221;"},"content":{"rendered":"<p>El entrenador del <strong>Bayer Leverkusen<\/strong>, Roger Schmidt, elogi\u00f3 este jueves al <strong>Chicharito Hern\u00e1ndez<\/strong>, describi\u00e9ndolo como &#8220;un tipo especial de jugador&#8221;.<\/p>\n<p>El 7 de las <em>Aspirinas<\/em>\u00a0lleva hasta el momento\u00a016 goles en 25 partidos de Bundesliga\u00a0con <strong>Bayer Leverkusen<\/strong> y ha a\u00f1adido otras nueve anotaciones en 12 partidos en las competiciones europeas y la Copa de Alemania.<\/p>\n<p style=\"text-align: center;\"><span style=\"color: #3366ff;\"><strong><a style=\"color: #3366ff;\" href=\"http:\/\/www.futboltotal.com.mx\/2016\/04\/chicharito-regreso-a-los-entrenamientos\/\">LEER M\u00c1S: \u00a1Chicharito resucit\u00f3 al tercer d\u00eda!<\/a><\/strong><\/span><\/p>\n<p>Schmidt est\u00e1 encantado con los resultados de la transferencia aunque no descart\u00f3 que pudiera salir del<em> Bay-Arena<\/em>. Sin embargo, no duda en elogiar las\u00a0condiciones del <strong>Chicharito<\/strong> mientras duren para servicio del equipo.<\/p>\n<p><a href=\"http:\/\/www.futboltotal.com.mx\/wp-content\/uploads\/2016\/04\/fraseFTds.jpg\" rel=\"attachment wp-att-390478\"><img decoding=\"async\" loading=\"lazy\" class=\"alignnone wp-image-390478 size-full\" src=\"http:\/\/www.futboltotal.com.mx\/wp-content\/uploads\/2016\/04\/fraseFTds.jpg\" alt=\"fraseFTds\" srcset=\"http:\/\/desarrollo.grupomedios.com\/futbol\/wp-content\/uploads\/2016\/04\/fraseFTds.jpg 940w, http:\/\/desarrollo.grupomedios.com\/futbol\/wp-content\/uploads\/2016\/04\/fraseFTds-300x251.jpg 300w, http:\/\/desarrollo.grupomedios.com\/futbol\/wp-content\/uploads\/2016\/04\/fraseFTds-768x644.jpg 768w\" sizes=\"(max-width: 940px) 100vw, 940px\" \/><\/a><\/p>\n<p>&#8220;Fue un paso extraordinario unirse a <strong>Bayer Leverkusen<\/strong>. Y ha dado sus frutos para ambas partes&#8221;, abund\u00f3 Schmidt.\u00a0&#8220;Por eso espero que se quede. Pero es un caso especial. Tendremos que esperar y ver lo que trae el tiempo y tambi\u00e9n en qu\u00e9 piensa el jugador&#8221;.<\/p>\n<p>El <strong>Bayer Leverkusen<\/strong> lucha por un lugar a la futura Champions League. Actualmente en la tercera posici\u00f3n con dos puntos por encima del Hertha Berl\u00edn, y con s\u00f3lo cuatro partidos que quedan por jugar, ser\u00e1 importante mantener el paso, sobre todo, si se espera la permanencia de <strong>Chicharito<\/strong> en el plantel.<\/p>\n<blockquote class=\"twitter-tweet\" data-lang=\"es\">\n<p dir=\"ltr\" lang=\"es\">Misi\u00f3n: Calificaci\u00f3n a <a href=\"https:\/\/twitter.com\/hashtag\/UCL?src=hash\">#UCL<\/a> ?<\/p>\n<p>En la J31 de <a href=\"https:\/\/twitter.com\/Bundesliga_EN\">@Bundesliga_EN<\/a> visitamos al <a href=\"https:\/\/twitter.com\/s04\">@s04<\/a>. \u26bd<\/p>\n<p>S\u00e1bado 23\/04? 11:30\u23f0 ??<a href=\"https:\/\/twitter.com\/hashtag\/S04B04?src=hash\">#S04B04<\/a> <a href=\"https:\/\/t.co\/WImrallCRh\">pic.twitter.com\/WImrallCRh<\/a><\/p>\n<p>\u2014 Bayer 04 Leverkusen (@bayer04_es) <a href=\"https:\/\/twitter.com\/bayer04_es\/status\/722907837727248384\">20 de abril de 2016<\/a><\/p><\/blockquote>\n<p><script src=\"\/\/platform.twitter.com\/widgets.js\" async=\"\" charset=\"utf-8\"><\/script><\/p>\n<p>&#8220;Mi futuro no s\u00f3lo gira en torno a m\u00ed. Vivo en el aqu\u00ed y ahora. Se puede planificar todo en la vida, pero a veces los planes de la vida son para ti. El club, quien es el due\u00f1o del jugador, decide si todav\u00eda te necesita o quiere venderte. Es igual en el negocio del f\u00fatbol&#8221;, apunt\u00f3 <strong>Javier Hern\u00e1ndez<\/strong> meses atr\u00e1s.<\/p>\n","protected":false},"excerpt":{"rendered":"<p>Siguen los halagos para el goleador mexicano<\/p>\n","protected":false},"author":20,"featured_media":390405,"comment_status":"closed","ping_status":"closed","sticky":false,"template":"","format":"standard","meta":[],"categories":[5,3839,6822,6718],"tags":[4335,120,549,6574],"_links":{"self":[{"href":"http:\/\/desarrollo.grupomedios.com\/futbol\/wp-json\/wp\/v2\/posts\/390401"}],"collection":[{"href":"http:\/\/desarrollo.grupomedios.com\/futbol\/wp-json\/wp\/v2\/posts"}],"about":[{"href":"http:\/\/desarrollo.grupomedios.com\/futbol\/wp-json\/wp\/v2\/types\/post"}],"author":[{"embeddable":true,"href":"http:\/\/desarrollo.grupomedios.com\/futbol\/wp-json\/wp\/v2\/users\/20"}],"replies":[{"embeddable":true,"href":"http:\/\/desarrollo.grupomedios.com\/futbol\/wp-json\/wp\/v2\/comments?post=390401"}],"version-history":[{"count":0,"href":"http:\/\/desarrollo.grupomedios.com\/futbol\/wp-json\/wp\/v2\/posts\/390401\/revisions"}],"wp:featuredmedia":[{"embeddable":true,"href":"http:\/\/desarrollo.grupomedios.com\/futbol\/wp-json\/wp\/v2\/media\/390405"}],"wp:attachment":[{"href":"http:\/\/desarrollo.grupomedios.com\/futbol\/wp-json\/wp\/v2\/media?parent=390401"}],"wp:term":[{"taxonomy":"category","embeddable":true,"href":"http:\/\/desarrollo.grupomedios.com\/futbol\/wp-json\/wp\/v2\/categories?post=390401"},{"taxonomy":"post_tag","embeddable":true,"href":"http:\/\/desarrollo.grupomedios.com\/futbol\/wp-json\/wp\/v2\/tags?post=390401"}],"curies":[{"name":"wp","href":"https:\/\/api.w.org\/{rel}","templated":true}]}}