{"id":390439,"date":"2016-04-21T13:57:28","date_gmt":"2016-04-21T19:57:28","guid":{"rendered":"http:\/\/www.futboltotal.com.mx\/?p=390439"},"modified":"2016-04-21T13:57:28","modified_gmt":"2016-04-21T19:57:28","slug":"mejor-once-la-premier-league","status":"publish","type":"post","link":"http:\/\/desarrollo.grupomedios.com\/futbol\/futbol-internacional\/mejor-once-la-premier-league\/2016\/04","title":{"rendered":"\u00a1El mejor once de la Premier League!"},"content":{"rendered":"<p><strong>Leicester City<\/strong> y <strong>Tottenham Hotspur<\/strong> tienen un presente fant\u00e1stico, ambos con posibilidades de coronarse en la <strong>Premier League<\/strong>. Su actualidad inimaginable se debe a la fortaleza del colectivo y a la brillantez de sus individuos. Esa situaci\u00f3n hizo posible que cuatro de <em>The Foxes<\/em> y las misma cantidad para los <em>Spurs<\/em> hayan sido incluidos en el once ideal del certamen seg\u00fan las votaciones de la Asociaci\u00f3n de Futbolistas Profesionales de Inglaterra reveladas este jueves. (PFA, por sus siglas en ingl\u00e9s).<\/p>\n<p>El espa\u00f1ol David de Gea (Manchester United), quien ya fue nombrado mejor guardameta en las temporadas 2012\/2013 y 2014\/2015, y el delantero Harry Kane (Tottenham) son los \u00fanicos nombres que repiten en el equipo de gala de la temporada.<\/p>\n<p style=\"text-align: center;\"><strong><span style=\"color: #3366ff;\"><a style=\"color: #3366ff;\" href=\"http:\/\/www.futboltotal.com.mx\/2016\/04\/piezas-perderia-leicester-city-debut-en-champions\/\">LEER M\u00c1S: Piezas que perder\u00eda el Leicester City para la Champions<\/a><\/span><\/strong><\/p>\n<p>La defensa la forman el espa\u00f1ol H\u00e9ctor Beller\u00edn (Arsenal), el belga Toby Alderweireld (Tottenham), el jamaicano Wes Morgan (Leicester) y el ingl\u00e9s Danny Rose (Tottenham), mientras que en el centro del campo aparecen los franceses N&#8217;Golo Kant\u00e9 (Leicester) y Dimitri Payet (West Ham United), el ingl\u00e9s Dele Alli (Tottenham) y el argelino Riyad Mahrez (Leicester).<\/p>\n<p>En la delantera aparecen los internacionales ingleses Harry Kane (Tottenham) y Jamie Vardy (Leicester), autores de 24 y 22 goles, respectivamente, esta temporada en la<strong> Premier League<\/strong>.<\/p>\n<blockquote class=\"twitter-tweet\" data-lang=\"es\">\n<p dir=\"ltr\" lang=\"en\">The PFA Barclays Premier League Team of the Year 2016 <a href=\"https:\/\/twitter.com\/hashtag\/PFAawards?src=hash\">#PFAawards<\/a>: <a href=\"https:\/\/t.co\/Ffp9GTTMN2\">pic.twitter.com\/Ffp9GTTMN2<\/a><\/p>\n<p>\u2014 PFA (@PFA) <a href=\"https:\/\/twitter.com\/PFA\/status\/723183929499348992\">21 de abril de 2016<\/a><\/p><\/blockquote>\n<p><script src=\"\/\/platform.twitter.com\/widgets.js\" async=\"\" charset=\"utf-8\"><\/script><\/p>\n","protected":false},"excerpt":{"rendered":"<p>Leicester y Tottenham reciben su premio <\/p>\n","protected":false},"author":20,"featured_media":390456,"comment_status":"closed","ping_status":"closed","sticky":false,"template":"","format":"standard","meta":[],"categories":[3839,3846,5951],"tags":[775,6595,334,7017],"_links":{"self":[{"href":"http:\/\/desarrollo.grupomedios.com\/futbol\/wp-json\/wp\/v2\/posts\/390439"}],"collection":[{"href":"http:\/\/desarrollo.grupomedios.com\/futbol\/wp-json\/wp\/v2\/posts"}],"about":[{"href":"http:\/\/desarrollo.grupomedios.com\/futbol\/wp-json\/wp\/v2\/types\/post"}],"author":[{"embeddable":true,"href":"http:\/\/desarrollo.grupomedios.com\/futbol\/wp-json\/wp\/v2\/users\/20"}],"replies":[{"embeddable":true,"href":"http:\/\/desarrollo.grupomedios.com\/futbol\/wp-json\/wp\/v2\/comments?post=390439"}],"version-history":[{"count":0,"href":"http:\/\/desarrollo.grupomedios.com\/futbol\/wp-json\/wp\/v2\/posts\/390439\/revisions"}],"wp:featuredmedia":[{"embeddable":true,"href":"http:\/\/desarrollo.grupomedios.com\/futbol\/wp-json\/wp\/v2\/media\/390456"}],"wp:attachment":[{"href":"http:\/\/desarrollo.grupomedios.com\/futbol\/wp-json\/wp\/v2\/media?parent=390439"}],"wp:term":[{"taxonomy":"category","embeddable":true,"href":"http:\/\/desarrollo.grupomedios.com\/futbol\/wp-json\/wp\/v2\/categories?post=390439"},{"taxonomy":"post_tag","embeddable":true,"href":"http:\/\/desarrollo.grupomedios.com\/futbol\/wp-json\/wp\/v2\/tags?post=390439"}],"curies":[{"name":"wp","href":"https:\/\/api.w.org\/{rel}","templated":true}]}}