{"id":390461,"date":"2016-04-21T14:20:25","date_gmt":"2016-04-21T20:20:25","guid":{"rendered":"http:\/\/www.futboltotal.com.mx\/?p=390461"},"modified":"2016-04-21T14:20:25","modified_gmt":"2016-04-21T20:20:25","slug":"cruz-azul-ya-piensa-en-gustavo-matosas","status":"publish","type":"post","link":"http:\/\/desarrollo.grupomedios.com\/futbol\/futbol-mexicano\/cruz-azul-ya-piensa-en-gustavo-matosas\/2016\/04","title":{"rendered":"\u00bfCruz Azul ya piensa en Gustavo Matosas?"},"content":{"rendered":"<p>En las \u00faltimas semanas, el proceso de Tom\u00e1s Boy con <strong><a href=\"http:\/\/futboltotal.com.mx\/equipos\/cruz-azul\/\" target=\"_blank\">Cruz Azul<\/a><\/strong> sufri\u00f3 de turbulencias, tras la eliminaci\u00f3n de la Copa MX a manos del Necaxa y tres partidos sin poder ganar (un empate y dos derrotas). Con dichos resultados, la ilusi\u00f3n de la afici\u00f3n se fue a pique por lo que\u00a0cambiar al <em>Jefe<\/em>\u00a0comienza a ser una posibilidad&#8230; \u00bfEl sustituto? <strong>Gustavo Matosas<\/strong>.<\/p>\n<p>Desde su salida del Le\u00f3n, el timonel uruguayo gener\u00f3 deseo en otros equipos de la Liga MX, siendo Am\u00e9rica el que puso la mejor oferta, pero tras un breve paso sali\u00f3 del <em>Nido<\/em> y se sent\u00f3 en el banquillo del Atlas, donde fue a la baja y no termin\u00f3 su proyecto.<\/p>\n<blockquote class=\"twitter-tweet\" data-lang=\"es\">\n<p dir=\"ltr\" lang=\"es\">&#8220;Ser\u00e1 un reto salir del bache&#8221;: E. De la Torre &gt;&gt; <a href=\"https:\/\/t.co\/XOjCZFS5DH\">https:\/\/t.co\/XOjCZFS5DH<\/a> <a href=\"https:\/\/twitter.com\/hashtag\/LealtadAzul?src=hash\">#LealtadAzul<\/a> <a href=\"https:\/\/t.co\/3CK1pdRY7O\">pic.twitter.com\/3CK1pdRY7O<\/a><\/p>\n<p>\u2014 CRUZ AZUL FC \u00ae (@Cruz_Azul_FC) <a href=\"https:\/\/twitter.com\/Cruz_Azul_FC\/status\/722500308035846144\">19 de abril de 2016<\/a><\/p><\/blockquote>\n<p><script src=\"\/\/platform.twitter.com\/widgets.js\" async=\"\" charset=\"utf-8\"><\/script><\/p>\n<p>Luego de\u00a0un semestre de descanso, <strong>Cruz Azul<\/strong> podr\u00eda hacerse con sus servicios, pues trasciende en redes sociales que el presidente del club, Guillermo \u00c1lvarez, se habr\u00eda reunido al sur de la Ciudad de M\u00e9xico con el entrenador.<\/p>\n<p>Si bien la <em>M\u00e1quina<\/em> se caracteriza por darle continuidad a un proceso, la posibilidad de quedarse sin liguilla por cuarta ocasi\u00f3n consecutiva, incrementa la presi\u00f3n en la directiva, lo cual provocar\u00eda que Tom\u00e1s Boy salga prematuramente.<\/p>\n<p><span style=\"color: #ff0000;\">VIDEO: Agenda TV | Jornada 15 Liga MX<\/span><br \/>\n[video_player]https:\/\/player.vimeo.com\/external\/163439133.sd.mp4?s=a28319a3755929b648cead45fa31a006bfc27259&amp;profile_id=165[\/video_player]<\/p>\n","protected":false},"excerpt":{"rendered":"<p>Billy \u00c1lvarez se habr\u00eda reunido con el entrenador <\/p>\n","protected":false},"author":20,"featured_media":390462,"comment_status":"closed","ping_status":"closed","sticky":false,"template":"","format":"standard","meta":[],"categories":[2198,3845,5950],"tags":[5962,93],"_links":{"self":[{"href":"http:\/\/desarrollo.grupomedios.com\/futbol\/wp-json\/wp\/v2\/posts\/390461"}],"collection":[{"href":"http:\/\/desarrollo.grupomedios.com\/futbol\/wp-json\/wp\/v2\/posts"}],"about":[{"href":"http:\/\/desarrollo.grupomedios.com\/futbol\/wp-json\/wp\/v2\/types\/post"}],"author":[{"embeddable":true,"href":"http:\/\/desarrollo.grupomedios.com\/futbol\/wp-json\/wp\/v2\/users\/20"}],"replies":[{"embeddable":true,"href":"http:\/\/desarrollo.grupomedios.com\/futbol\/wp-json\/wp\/v2\/comments?post=390461"}],"version-history":[{"count":0,"href":"http:\/\/desarrollo.grupomedios.com\/futbol\/wp-json\/wp\/v2\/posts\/390461\/revisions"}],"wp:featuredmedia":[{"embeddable":true,"href":"http:\/\/desarrollo.grupomedios.com\/futbol\/wp-json\/wp\/v2\/media\/390462"}],"wp:attachment":[{"href":"http:\/\/desarrollo.grupomedios.com\/futbol\/wp-json\/wp\/v2\/media?parent=390461"}],"wp:term":[{"taxonomy":"category","embeddable":true,"href":"http:\/\/desarrollo.grupomedios.com\/futbol\/wp-json\/wp\/v2\/categories?post=390461"},{"taxonomy":"post_tag","embeddable":true,"href":"http:\/\/desarrollo.grupomedios.com\/futbol\/wp-json\/wp\/v2\/tags?post=390461"}],"curies":[{"name":"wp","href":"https:\/\/api.w.org\/{rel}","templated":true}]}}