{"id":390581,"date":"2016-04-21T19:12:30","date_gmt":"2016-04-22T01:12:30","guid":{"rendered":"http:\/\/www.futboltotal.com.mx\/?p=390581"},"modified":"2016-04-21T19:13:31","modified_gmt":"2016-04-22T01:13:31","slug":"mexicano-jugaria-en-primera-division-espana","status":"publish","type":"post","link":"http:\/\/desarrollo.grupomedios.com\/futbol\/futbol-internacional\/mexicano-jugaria-en-primera-division-espana\/2016\/04","title":{"rendered":"Otro mexicano jugar\u00eda en Primera de Espa\u00f1a"},"content":{"rendered":"<p>Cuando un futbolista\u00a0se va a Europa a jugar en categor\u00edas inferiores, algunos critican dicha decisi\u00f3n, pero en ocasiones s\u00f3lo es cuesti\u00f3n de tiempo para que el camino los lleve al m\u00e1ximo circuito, situaci\u00f3n que podr\u00eda vivir el mexicano <strong>An\u00edbal Zurdo<\/strong>, quien junto al <strong>N\u00e1stic<\/strong> est\u00e1 a un paso del <strong>ascenso<\/strong> en <strong>Espa\u00f1a<\/strong>.<\/p>\n<p>El delantero ha tenido una larga trayectoria en la divisi\u00f3n de plata de aquel pa\u00eds, siendo Sabadell y Legan\u00e9s donde dio sus mejores versiones, situaci\u00f3n que no pudo demostrar en la Liga MX con Cruz Azul pues las lesiones mermaron su actuaci\u00f3n, mientras que en Veracruz mejor\u00f3 pero no lo suficiente para ser titular.<\/p>\n<p style=\"text-align: center;\"><span style=\"color: #3366ff;\"><strong><a style=\"color: #3366ff;\" href=\"http:\/\/www.futboltotal.com.mx\/futbol-internacional\/mexicanos-en-europa\/\" target=\"_blank\">LEER M\u00c1S: Checa c\u00f3mo le va a los mexicanos en Europa<\/a><\/strong><\/span><\/p>\n<p>Actualmente el equipo donde milita <strong>An\u00edbal Zurdo<\/strong> marcha en el cuarto puesto con 53 unidades, a cuatro del l\u00edder Legan\u00e9s a ocho jornadas del final. El problema del ariete es que no ha podido consolidarse en el grupo ya que suma 634 minutos y una anotaci\u00f3n.<\/p>\n<p><a href=\"http:\/\/www.futboltotal.com.mx\/wp-content\/uploads\/2016\/04\/anibal-zurdo-ascenso-liga-espana-2.jpg\" rel=\"attachment wp-att-390583\"><img decoding=\"async\" loading=\"lazy\" class=\"alignnone size-full wp-image-390583\" src=\"http:\/\/www.futboltotal.com.mx\/wp-content\/uploads\/2016\/04\/anibal-zurdo-ascenso-liga-espana-2.jpg\" alt=\"anibal-zurdo-ascenso-liga-espana-2\" srcset=\"http:\/\/desarrollo.grupomedios.com\/futbol\/wp-content\/uploads\/2016\/04\/anibal-zurdo-ascenso-liga-espana-2.jpg 820w, http:\/\/desarrollo.grupomedios.com\/futbol\/wp-content\/uploads\/2016\/04\/anibal-zurdo-ascenso-liga-espana-2-300x128.jpg 300w, http:\/\/desarrollo.grupomedios.com\/futbol\/wp-content\/uploads\/2016\/04\/anibal-zurdo-ascenso-liga-espana-2-768x328.jpg 768w\" sizes=\"(max-width: 820px) 100vw, 820px\" \/><\/a><\/p>\n<p>Destaca que en mismo <strong>N\u00e1stic<\/strong> milita otro viejo conocido del futbol mexicano, se trata del camerun\u00e9s <strong>Achille Eman\u00e1<\/strong>, quien es pieza fundamental del club a tal grado que se consagr\u00f3 como el jugador m\u00e1s valioso de marzo.<\/p>\n<p>El mediocampista africano tuvo un ef\u00edmero paso por la <em>M\u00e1quina<\/em> y posteriormente se fue al Ascenso MX con Atlante, donde confes\u00f3 \u201cperder las ganas por el balompi\u00e9\u201d.<\/p>\n<p><span style=\"color: #ff0000;\"><strong>VIDEO<\/strong>: Las 10 cosas que quer\u00edas saber de Paul Pogba<\/span><\/p>\n<p>[video_player]https:\/\/player.vimeo.com\/external\/163587707.hd.mp4?s=ffd697717b8dbd8cedfbb708968cfd05ef4c6fad&amp;profile_id=174[\/video_player]<\/p>\n","protected":false},"excerpt":{"rendered":"<p>An\u00edbal Zurdo est\u00e1 cerca del ascenso <\/p>\n","protected":false},"author":20,"featured_media":390582,"comment_status":"closed","ping_status":"closed","sticky":false,"template":"","format":"standard","meta":[],"categories":[3839,3844,6718],"tags":[4545],"_links":{"self":[{"href":"http:\/\/desarrollo.grupomedios.com\/futbol\/wp-json\/wp\/v2\/posts\/390581"}],"collection":[{"href":"http:\/\/desarrollo.grupomedios.com\/futbol\/wp-json\/wp\/v2\/posts"}],"about":[{"href":"http:\/\/desarrollo.grupomedios.com\/futbol\/wp-json\/wp\/v2\/types\/post"}],"author":[{"embeddable":true,"href":"http:\/\/desarrollo.grupomedios.com\/futbol\/wp-json\/wp\/v2\/users\/20"}],"replies":[{"embeddable":true,"href":"http:\/\/desarrollo.grupomedios.com\/futbol\/wp-json\/wp\/v2\/comments?post=390581"}],"version-history":[{"count":0,"href":"http:\/\/desarrollo.grupomedios.com\/futbol\/wp-json\/wp\/v2\/posts\/390581\/revisions"}],"wp:featuredmedia":[{"embeddable":true,"href":"http:\/\/desarrollo.grupomedios.com\/futbol\/wp-json\/wp\/v2\/media\/390582"}],"wp:attachment":[{"href":"http:\/\/desarrollo.grupomedios.com\/futbol\/wp-json\/wp\/v2\/media?parent=390581"}],"wp:term":[{"taxonomy":"category","embeddable":true,"href":"http:\/\/desarrollo.grupomedios.com\/futbol\/wp-json\/wp\/v2\/categories?post=390581"},{"taxonomy":"post_tag","embeddable":true,"href":"http:\/\/desarrollo.grupomedios.com\/futbol\/wp-json\/wp\/v2\/tags?post=390581"}],"curies":[{"name":"wp","href":"https:\/\/api.w.org\/{rel}","templated":true}]}}