{"id":390627,"date":"2016-04-22T08:04:14","date_gmt":"2016-04-22T14:04:14","guid":{"rendered":"http:\/\/www.futboltotal.com.mx\/?p=390627"},"modified":"2016-04-22T13:31:53","modified_gmt":"2016-04-22T19:31:53","slug":"equipo-sergio-ramos-penso-dejar-al-real-madrid","status":"publish","type":"post","link":"http:\/\/desarrollo.grupomedios.com\/futbol\/futbol-internacional\/equipo-sergio-ramos-penso-dejar-al-real-madrid\/2016\/04","title":{"rendered":"El equipo por el que Ramos pens\u00f3 dejar al Madrid"},"content":{"rendered":"<p>En alguna ocasi\u00f3n el ahora capit\u00e1n del <strong>Real Madrid<\/strong>, <strong>Sergio Ramos<\/strong>, dud\u00f3 de su permanencia en el club y meses despu\u00e9s revel\u00f3 el por qu\u00e9 de esa incertidumbre y el equipo por el que hubiera cambiado la el\u00e1stica blanca.<\/p>\n<p>&#8220;Por un momento pens\u00e9 en cambiar de aires, pero al fin y al cabo mi prioridad siempre fue el Real Madrid. Me sent\u00ed decepcionado, por problemas que no eran econ\u00f3micos como la gente dijo. Mientras mi afici\u00f3n y mi club me quieran, mi pensamiento prioritario es retirarme aqu\u00ed&#8221;, afirm\u00f3 <strong>Ramos<\/strong> al <em>Partido de las Doce<\/em> en la <em>Cadena Cope, <\/em>indicando que el <strong>Manchester United<\/strong> era el club de su destino.<\/p>\n<p>Tambi\u00e9n tuvo palabras para Zidane, y se mostr\u00f3 partidario de una renovaci\u00f3n del franc\u00e9s &#8220;pase lo que pase&#8221; a final de temporada. &#8220;Va a ser un grand\u00edsimo entrenador. Est\u00e1 claro que la afinidad que hay ahora con Zidane no la hab\u00eda con Ben\u00edtez, pero no le hicimos la cama. Yo personalmente no he hecho la cama jam\u00e1s&#8221;, destac\u00f3.<\/p>\n<p style=\"text-align: center;\"><span style=\"color: #3366ff;\"><strong><a style=\"color: #3366ff;\" href=\"http:\/\/www.futboltotal.com.mx\/2016\/04\/cristiano-baja-real-madrid-contra-rayo-vallecano\/\">LEER M\u00c1S: \u00a1Adi\u00f3s Cristiano! <\/a><\/strong><\/span><\/p>\n<p>Sobre la lesi\u00f3n de Cristiano Ronaldo, que tuvo que abandonar el partido ante el Villarreal en el \u00faltimo minuto del duelo con molestias musculares, se mostr\u00f3 esperanzado en que llegue &#8220;en un buen momento&#8221; para enfrentarse al Manchester City.<\/p>\n<p>&#8220;Es s\u00faper ambicioso, quiere jugar todo y meter goles hasta cuando duerme. Yo no he conocido a un entrenador que le diga: &#8220;Cristiano, al banquillo&#8221;. No le vendr\u00eda mal descansar de vez en cuando. Yo se lo he dicho, pero a \u00e9l no le gusta descansar cuando se est\u00e1 jugando t\u00edtulos individuales como la Bota de Oro&#8221;, reconoci\u00f3.<\/p>\n<p>Asimismo, habl\u00f3 bien de su presidente, Florentino P\u00e9rez, a quien calific\u00f3 como &#8220;el mejor presidente&#8221; y como &#8220;un padre&#8221;, a la vez que se\u00f1al\u00f3 que si el <strong>Real Madrid<\/strong> gana la Liga de Campeones, &#8220;ser\u00eda un a\u00f1o estupendo&#8221;.<\/p>\n<p>&#8220;Ganando en el Camp Nou dimos un golpe fuerte en la mesa. Un Cl\u00e1sico nunca es intrascendente. Es el partido del a\u00f1o. Moralmente y psicol\u00f3gicamente fue duro para ellos. Claro que me alegro de que pierda el Barcelona. Todo lo que sea malo para el Barcelona es bueno para el Real Madrid&#8221;, sentenci\u00f3 <strong>Sergio Ramos<\/strong>.<\/p>\n","protected":false},"excerpt":{"rendered":"<p>Lo ten\u00eda todo listo pero al final se arrepinti\u00f3 <\/p>\n","protected":false},"author":20,"featured_media":390628,"comment_status":"closed","ping_status":"closed","sticky":false,"template":"","format":"standard","meta":[],"categories":[3839,3844,5951],"tags":[6013,6020],"_links":{"self":[{"href":"http:\/\/desarrollo.grupomedios.com\/futbol\/wp-json\/wp\/v2\/posts\/390627"}],"collection":[{"href":"http:\/\/desarrollo.grupomedios.com\/futbol\/wp-json\/wp\/v2\/posts"}],"about":[{"href":"http:\/\/desarrollo.grupomedios.com\/futbol\/wp-json\/wp\/v2\/types\/post"}],"author":[{"embeddable":true,"href":"http:\/\/desarrollo.grupomedios.com\/futbol\/wp-json\/wp\/v2\/users\/20"}],"replies":[{"embeddable":true,"href":"http:\/\/desarrollo.grupomedios.com\/futbol\/wp-json\/wp\/v2\/comments?post=390627"}],"version-history":[{"count":0,"href":"http:\/\/desarrollo.grupomedios.com\/futbol\/wp-json\/wp\/v2\/posts\/390627\/revisions"}],"wp:featuredmedia":[{"embeddable":true,"href":"http:\/\/desarrollo.grupomedios.com\/futbol\/wp-json\/wp\/v2\/media\/390628"}],"wp:attachment":[{"href":"http:\/\/desarrollo.grupomedios.com\/futbol\/wp-json\/wp\/v2\/media?parent=390627"}],"wp:term":[{"taxonomy":"category","embeddable":true,"href":"http:\/\/desarrollo.grupomedios.com\/futbol\/wp-json\/wp\/v2\/categories?post=390627"},{"taxonomy":"post_tag","embeddable":true,"href":"http:\/\/desarrollo.grupomedios.com\/futbol\/wp-json\/wp\/v2\/tags?post=390627"}],"curies":[{"name":"wp","href":"https:\/\/api.w.org\/{rel}","templated":true}]}}