{"id":390637,"date":"2016-04-22T09:41:04","date_gmt":"2016-04-22T15:41:04","guid":{"rendered":"http:\/\/www.futboltotal.com.mx\/?p=390637"},"modified":"2016-04-22T09:41:04","modified_gmt":"2016-04-22T15:41:04","slug":"matias-almeyda-quiere-dirigir-a-la-seleccion-mexicana","status":"publish","type":"post","link":"http:\/\/desarrollo.grupomedios.com\/futbol\/destacado-home\/matias-almeyda-quiere-dirigir-a-la-seleccion-mexicana\/2016\/04","title":{"rendered":"Mat\u00edas Almeyda quiere ir al Mundial con M\u00e9xico"},"content":{"rendered":"<p><strong>Mat\u00edas Almeyda<\/strong> recuper\u00f3 a las Chivas. El <em>Reba\u00f1o Sagrado<\/em> lleva cuatro vitorias consecutivas y est\u00e1 peleando los puestos de Liguilla, situaci\u00f3n que ilusiona, aunque un poco menos que llegar a otro Mundial, en est\u00e1 ocasi\u00f3n, como entrenador.<\/p>\n<p><em>El Pelado<\/em> indic\u00f3 que le gustar\u00eda en el futuro ser el estratega de la <strong>Selecci\u00f3n Mexicana<\/strong>, puesto para el que ya fue buscado tras la destituci\u00f3n de Miguel Herrera. &#8220;En alg\u00fan momento s\u00ed, me hab\u00edan dicho eso&#8221;, admiti\u00f3 el estratega.<\/p>\n<p style=\"text-align: center;\"><strong><span style=\"color: #3366ff;\"><a style=\"color: #3366ff;\" href=\"http:\/\/www.futboltotal.com.mx\/2016\/04\/pachuca-chivas-se-confrontan-trolleos\/\">LEER M\u00c1S: Pachuca y Chivas se confrontan con trolleos<\/a><\/span><\/strong><\/p>\n<p>&#8220;No s\u00e9 si todos los entrenadores aspiren a eso, pero yo s\u00ed, morir\u00eda por dirigir en un Mundial, ser\u00eda algo maravilloso&#8221;, insisti\u00f3 <strong>Mat\u00edas Almeyda<\/strong> sobre su anhelo de llegar al evento que observa todo el mundo, ya sea con la <strong>Selecci\u00f3n Mexicana<\/strong> o dirigiendo al combinado de su pa\u00eds.<\/p>\n<p>&#8220;Le he tomado un cari\u00f1o grande a M\u00e9xico. De hecho tengo una ventaja con respecto a muchos entrenadores; ac\u00e1 entren\u00f3 a puros mexicanos, entonces yo s\u00e9. Yo lo s\u00e9. Dios quiera y alg\u00fan d\u00eda pueda tener alg\u00fan chance&#8221;, revel\u00f3 Almeyda para el diario <em>Cancha<\/em>.<\/p>\n<p>Eso s\u00ed, <em>El Pelado<\/em> no duda. Si le dieran a elegir entre M\u00e9xico y Argentina optar\u00eda por manejar a su pa\u00eds. &#8220;Uf, me voy&#8221; y agreg\u00f3 que &#8220;tuvo chance de jugar dos Mundiales y es algo \u00fanico, pasa una vez en la vida, entonces no se le dice que no a una Selecci\u00f3n&#8221;.<\/p>\n","protected":false},"excerpt":{"rendered":"<p>En el pasado ya le fue ofrecido el equipo pero perdi\u00f3 la batalla<\/p>\n","protected":false},"author":20,"featured_media":378554,"comment_status":"closed","ping_status":"closed","sticky":false,"template":"","format":"standard","meta":[],"categories":[5,2198,3847],"tags":[70,1420,5979],"_links":{"self":[{"href":"http:\/\/desarrollo.grupomedios.com\/futbol\/wp-json\/wp\/v2\/posts\/390637"}],"collection":[{"href":"http:\/\/desarrollo.grupomedios.com\/futbol\/wp-json\/wp\/v2\/posts"}],"about":[{"href":"http:\/\/desarrollo.grupomedios.com\/futbol\/wp-json\/wp\/v2\/types\/post"}],"author":[{"embeddable":true,"href":"http:\/\/desarrollo.grupomedios.com\/futbol\/wp-json\/wp\/v2\/users\/20"}],"replies":[{"embeddable":true,"href":"http:\/\/desarrollo.grupomedios.com\/futbol\/wp-json\/wp\/v2\/comments?post=390637"}],"version-history":[{"count":0,"href":"http:\/\/desarrollo.grupomedios.com\/futbol\/wp-json\/wp\/v2\/posts\/390637\/revisions"}],"wp:featuredmedia":[{"embeddable":true,"href":"http:\/\/desarrollo.grupomedios.com\/futbol\/wp-json\/wp\/v2\/media\/378554"}],"wp:attachment":[{"href":"http:\/\/desarrollo.grupomedios.com\/futbol\/wp-json\/wp\/v2\/media?parent=390637"}],"wp:term":[{"taxonomy":"category","embeddable":true,"href":"http:\/\/desarrollo.grupomedios.com\/futbol\/wp-json\/wp\/v2\/categories?post=390637"},{"taxonomy":"post_tag","embeddable":true,"href":"http:\/\/desarrollo.grupomedios.com\/futbol\/wp-json\/wp\/v2\/tags?post=390637"}],"curies":[{"name":"wp","href":"https:\/\/api.w.org\/{rel}","templated":true}]}}