{"id":390639,"date":"2016-04-22T11:19:16","date_gmt":"2016-04-22T17:19:16","guid":{"rendered":"http:\/\/www.futboltotal.com.mx\/?p=390639"},"modified":"2016-04-22T11:31:24","modified_gmt":"2016-04-22T17:31:24","slug":"memo-ochoa-seguira-titular-en-malaga","status":"publish","type":"post","link":"http:\/\/desarrollo.grupomedios.com\/futbol\/destacado-home\/memo-ochoa-seguira-titular-en-malaga\/2016\/04","title":{"rendered":"\u00a1Memo Ochoa hace olvidar a Kameni!"},"content":{"rendered":"<p><strong>Guillermo\u00a0Ochoa<\/strong> estar\u00e1 en un marco espectacular el s\u00e1bado y podr\u00eda contar con gran incidencia en el futuro de <strong>La Liga de Espa\u00f1a<\/strong>, cuando el <strong>M\u00e1laga<\/strong> cumpla su visita al Atl\u00e9tico de Madrid,\u00a0en duelo correspondiente a la jornada 35. Y es que el t\u00e9cnico Javi Gracia lo enlist\u00f3 para\u00a0la convocatoria y no habr\u00e1 cambios may\u00fasculos con respecto al partido del mi\u00e9rcoles, donde\u00a0los<em> Boquerones<\/em> igualaron ante el Rayo Vallecano (1-1) y el portero mexicano fue titular.<\/p>\n<p style=\"text-align: center;\"><span style=\"color: #3366ff;\"><strong><a style=\"color: #3366ff;\" href=\"http:\/\/www.futboltotal.com.mx\/2016\/04\/cristiano-baja-real-madrid-contra-rayo-vallecano\/\">LEER M\u00c1S: \u00a1Adi\u00f3s Cristiano!<\/a><\/strong><\/span><\/p>\n<p>El entrenador malaguista dej\u00f3 fuera a Carlos Kameni de la convocatoria, otorgando toda su confianza en <strong>Memo Ochoa<\/strong>, que ha disputado siete encuentros desde la lesi\u00f3n del camerun\u00e9s y se ha robado portadas y ha acaparado toda clase de elogios, dejando en tres ocasiones su porter\u00eda sin goles.\u00a0<span style=\"line-height: 1.5;\">&#8220;<\/span><span style=\"line-height: 1.5;\">Q<\/span><span style=\"line-height: 1.5;\">ue se entrene no quiere decir que est\u00e9 a su mejor nivel&#8221;, remarc\u00f3 sobre la ausencia del portero camerun\u00e9s. <\/span><\/p>\n<p>&#8220;S\u00e9 lo que nos jugamos. Vamos viendo resultados y con 37 o 38 puntos habr\u00edamos tenido una necesidad mucho mayor de la que estamos teniendo. Tenemos necesidad de hacer las cosas bien por orgullo, por profesionalidad y por lo que nos jugamos, no quedarnos donde estamos y mejorar los registros de goles y de puntos, y la clasificaci\u00f3n&#8221;, declar\u00f3 sobre la ya nula posibilidad de clasificar a los torneos continentales.<\/p>\n","protected":false},"excerpt":{"rendered":"<p>Javi Gracia sigue encantado con el nivel del mexicano <\/p>\n","protected":false},"author":20,"featured_media":383776,"comment_status":"closed","ping_status":"closed","sticky":false,"template":"","format":"standard","meta":[],"categories":[5,3839,3844,6718],"tags":[6851,5991,306,679],"_links":{"self":[{"href":"http:\/\/desarrollo.grupomedios.com\/futbol\/wp-json\/wp\/v2\/posts\/390639"}],"collection":[{"href":"http:\/\/desarrollo.grupomedios.com\/futbol\/wp-json\/wp\/v2\/posts"}],"about":[{"href":"http:\/\/desarrollo.grupomedios.com\/futbol\/wp-json\/wp\/v2\/types\/post"}],"author":[{"embeddable":true,"href":"http:\/\/desarrollo.grupomedios.com\/futbol\/wp-json\/wp\/v2\/users\/20"}],"replies":[{"embeddable":true,"href":"http:\/\/desarrollo.grupomedios.com\/futbol\/wp-json\/wp\/v2\/comments?post=390639"}],"version-history":[{"count":0,"href":"http:\/\/desarrollo.grupomedios.com\/futbol\/wp-json\/wp\/v2\/posts\/390639\/revisions"}],"wp:featuredmedia":[{"embeddable":true,"href":"http:\/\/desarrollo.grupomedios.com\/futbol\/wp-json\/wp\/v2\/media\/383776"}],"wp:attachment":[{"href":"http:\/\/desarrollo.grupomedios.com\/futbol\/wp-json\/wp\/v2\/media?parent=390639"}],"wp:term":[{"taxonomy":"category","embeddable":true,"href":"http:\/\/desarrollo.grupomedios.com\/futbol\/wp-json\/wp\/v2\/categories?post=390639"},{"taxonomy":"post_tag","embeddable":true,"href":"http:\/\/desarrollo.grupomedios.com\/futbol\/wp-json\/wp\/v2\/tags?post=390639"}],"curies":[{"name":"wp","href":"https:\/\/api.w.org\/{rel}","templated":true}]}}