{"id":390650,"date":"2016-04-22T11:45:07","date_gmt":"2016-04-22T17:45:07","guid":{"rendered":"http:\/\/www.futboltotal.com.mx\/?p=390650"},"modified":"2016-04-22T11:45:07","modified_gmt":"2016-04-22T17:45:07","slug":"ranieri-sorprendio-frase-pelear-titulo-leicester-city","status":"publish","type":"post","link":"http:\/\/desarrollo.grupomedios.com\/futbol\/futbol-internacional\/ranieri-sorprendio-frase-pelear-titulo-leicester-city\/2016\/04","title":{"rendered":"Ranieri puso a re\u00edr a todos con el objetivo del Leicester"},"content":{"rendered":"<p>Cuatro partidos quedan en la Premier League. En esa cantidad de partidos o menos, el <strong>Leicester City<\/strong> podr\u00eda conseguir el primer t\u00edtulo de su historia en la Primera Divisi\u00f3n de Inglaterra a 132 a\u00f1os de su fundaci\u00f3n.<\/p>\n<p>En la previa del partido que <strong>Leicester City<\/strong> sostendr\u00e1 ante West Ham el pr\u00f3ximo domingo, Claudio Ranieri, estratega del equipo, por fin dijo abiertamente que su equipo luchar\u00e1 hasta el final por conquistar el t\u00edtulo de la Premier League.<\/p>\n<blockquote class=\"twitter-tweet\" data-lang=\"es\">\n<p dir=\"ltr\" lang=\"en\">&#8220;Now, we try to win the title.&#8221;<\/p>\n<p>Claudio sets <a href=\"https:\/\/twitter.com\/hashtag\/lcfc?src=hash\">#lcfc<\/a> a new target ahead of <a href=\"https:\/\/twitter.com\/hashtag\/LeiSwa?src=hash\">#LeiSwa<\/a>&#8230; <a href=\"https:\/\/t.co\/TRvVyDOJGj\">https:\/\/t.co\/TRvVyDOJGj<\/a> <a href=\"https:\/\/t.co\/fRVgi1RCza\">pic.twitter.com\/fRVgi1RCza<\/a><\/p>\n<p>\u2014 Leicester City (@LCFC) <a href=\"https:\/\/twitter.com\/LCFC\/status\/723530714973626368\">22 de abril de 2016<\/a><\/p><\/blockquote>\n<p><script src=\"\/\/platform.twitter.com\/widgets.js\" async=\"\" charset=\"utf-8\"><\/script><\/p>\n<p>Momentos antes festej\u00f3 que su equipo disputar\u00e1 la pr\u00f3xima edici\u00f3n de la Champions League de una manera muy peculiar: feliz y con un peque\u00f1o coro que demuestra la alegr\u00eda del presente.<\/p>\n<p><iframe loading=\"lazy\" src=\"https:\/\/www.youtube.com\/embed\/IF0WtBipE58\" frameborder=\"0\" allowfullscreen=\"allowfullscreen\"><\/iframe><\/p>\n<p>&#8220;Estamos en la Champions League, hombre. Dilly ding, dilly dong. Vamos. Hablan de blah, blah, blah, pero estamos en la Champions League. Vamos, es incre\u00edble. Asombroso&#8221;, declar\u00f3 Ranieri en conferencia de prensa.<\/p>\n<p>&#8220;Ahora vamos hacia adelante. Intentaremos ganar el t\u00edtulo. S\u00e9 que Pochettino est\u00e1 presionando, pero que mantenga la calma. Tenemos que luchar m\u00e1s que nunca ahora&#8221;, concluy\u00f3.<\/p>\n<p>[video_player]https:\/\/player.vimeo.com\/external\/163747871.hd.mp4?s=ae07a41fbaae9a954748bb725a5987646031d4ae&amp;profile_id=174[\/video_player]<\/p>\n","protected":false},"excerpt":{"rendered":"<p>El estratega italiano por fin, indic\u00f3 que la Premier League es un objetivo <\/p>\n","protected":false},"author":20,"featured_media":390653,"comment_status":"closed","ping_status":"closed","sticky":false,"template":"","format":"standard","meta":[],"categories":[3839,3846,5951],"tags":[5025,775,334],"_links":{"self":[{"href":"http:\/\/desarrollo.grupomedios.com\/futbol\/wp-json\/wp\/v2\/posts\/390650"}],"collection":[{"href":"http:\/\/desarrollo.grupomedios.com\/futbol\/wp-json\/wp\/v2\/posts"}],"about":[{"href":"http:\/\/desarrollo.grupomedios.com\/futbol\/wp-json\/wp\/v2\/types\/post"}],"author":[{"embeddable":true,"href":"http:\/\/desarrollo.grupomedios.com\/futbol\/wp-json\/wp\/v2\/users\/20"}],"replies":[{"embeddable":true,"href":"http:\/\/desarrollo.grupomedios.com\/futbol\/wp-json\/wp\/v2\/comments?post=390650"}],"version-history":[{"count":0,"href":"http:\/\/desarrollo.grupomedios.com\/futbol\/wp-json\/wp\/v2\/posts\/390650\/revisions"}],"wp:featuredmedia":[{"embeddable":true,"href":"http:\/\/desarrollo.grupomedios.com\/futbol\/wp-json\/wp\/v2\/media\/390653"}],"wp:attachment":[{"href":"http:\/\/desarrollo.grupomedios.com\/futbol\/wp-json\/wp\/v2\/media?parent=390650"}],"wp:term":[{"taxonomy":"category","embeddable":true,"href":"http:\/\/desarrollo.grupomedios.com\/futbol\/wp-json\/wp\/v2\/categories?post=390650"},{"taxonomy":"post_tag","embeddable":true,"href":"http:\/\/desarrollo.grupomedios.com\/futbol\/wp-json\/wp\/v2\/tags?post=390650"}],"curies":[{"name":"wp","href":"https:\/\/api.w.org\/{rel}","templated":true}]}}