{"id":390656,"date":"2016-04-22T13:10:28","date_gmt":"2016-04-22T19:10:28","guid":{"rendered":"http:\/\/www.futboltotal.com.mx\/?p=390656"},"modified":"2016-04-22T15:54:21","modified_gmt":"2016-04-22T21:54:21","slug":"agenda-futbol-internacional-mexicanos-en-europa","status":"publish","type":"post","link":"http:\/\/desarrollo.grupomedios.com\/futbol\/destacado-home\/agenda-futbol-internacional-mexicanos-en-europa\/2016\/04","title":{"rendered":"Memo Ochoa tendr\u00e1 una dur\u00edsima prueba"},"content":{"rendered":"<p>\u00a1Se viene otro fin de semana cargado de futbol! Con duelos atractivos,\u00a0no tanto por el emparejamiento de los equipos sino por lo que se juega, al menos en el caso de la <strong>Liga Espa\u00f1ola<\/strong>, donde los tres aspirantes al t\u00edtulo jugar\u00e1n de manera encadenada el\u00a0s\u00e1bado.<\/p>\n<p><a href=\"http:\/\/www.futboltotal.com.mx\/wp-content\/uploads\/2016\/04\/4agenda_ftpartidos-1.jpg\" rel=\"attachment wp-att-390661\"><img decoding=\"async\" loading=\"lazy\" class=\"alignnone wp-image-390661 size-full\" src=\"http:\/\/www.futboltotal.com.mx\/wp-content\/uploads\/2016\/04\/4agenda_ftpartidos-1.jpg\" alt=\"4agenda_ftpartidos (1)\" srcset=\"http:\/\/desarrollo.grupomedios.com\/futbol\/wp-content\/uploads\/2016\/04\/4agenda_ftpartidos-1.jpg 940w, http:\/\/desarrollo.grupomedios.com\/futbol\/wp-content\/uploads\/2016\/04\/4agenda_ftpartidos-1-300x292.jpg 300w, http:\/\/desarrollo.grupomedios.com\/futbol\/wp-content\/uploads\/2016\/04\/4agenda_ftpartidos-1-768x747.jpg 768w, http:\/\/desarrollo.grupomedios.com\/futbol\/wp-content\/uploads\/2016\/04\/4agenda_ftpartidos-1-79x78.jpg 79w\" sizes=\"(max-width: 940px) 100vw, 940px\" \/><\/a><\/p>\n<p>El <strong><a href=\"http:\/\/www.futboltotal.com.mx\/2016\/04\/cristiano-baja-real-madrid-contra-rayo-vallecano\/\">Real Madrid<\/a><\/strong><a href=\"http:\/\/www.futboltotal.com.mx\/2016\/04\/cristiano-baja-real-madrid-contra-rayo-vallecano\/\">, con 78\u00a0puntos,\u00a0no contar\u00e1 con Cristiano<\/a> en su visita a Vallecas, mientras que\u00a0el <strong>Barcelona<\/strong>, con 79 unidades, contar\u00e1 con el regreso de Gerard Piqu\u00e9 para recibir al Sporting de Gij\u00f3n. En medio de ese par de encuentros <a href=\"http:\/\/www.futboltotal.com.mx\/2016\/04\/memo-ochoa-seguira-titular-en-malaga\/\">un mexicano podr\u00eda definir el destino de la Liga<\/a>: <strong>Memo Ochoa<\/strong>.<\/p>\n<p style=\"text-align: center;\"><span style=\"color: #3366ff;\"><strong><a style=\"color: #3366ff;\" href=\"http:\/\/www.futboltotal.com.mx\/2016\/04\/mexicano-jugaria-en-primera-division-espana\/\">LEER M\u00c1S: Otro mexicano jugar\u00eda en Primera de Espa\u00f1a<\/a><\/strong><\/span><\/p>\n<p>El guardameta del M\u00e1laga jugar\u00e1 como titular ante el Atl\u00e9tico de Madrid que ostenta los mismos puntos que Barcelona (79), y tendr\u00e1 la oportunidad de lucirse en el plano individual en un perfecto escenario, el Vicente Calder\u00f3n.<\/p>\n<p>Si <strong>Memo Ochoa<\/strong> mantiene el cero en su puerta, el <em>Atleti<\/em> perder\u00eda la oportunidad de seguir la vera del <strong>Barcelona<\/strong>.<\/p>\n","protected":false},"excerpt":{"rendered":"<p>Futbol Total repasa los partidos destacados del futbol europeo<\/p>\n","protected":false},"author":20,"featured_media":390668,"comment_status":"closed","ping_status":"closed","sticky":false,"template":"","format":"standard","meta":[],"categories":[5,3839,6718],"tags":[6873,679,4545],"_links":{"self":[{"href":"http:\/\/desarrollo.grupomedios.com\/futbol\/wp-json\/wp\/v2\/posts\/390656"}],"collection":[{"href":"http:\/\/desarrollo.grupomedios.com\/futbol\/wp-json\/wp\/v2\/posts"}],"about":[{"href":"http:\/\/desarrollo.grupomedios.com\/futbol\/wp-json\/wp\/v2\/types\/post"}],"author":[{"embeddable":true,"href":"http:\/\/desarrollo.grupomedios.com\/futbol\/wp-json\/wp\/v2\/users\/20"}],"replies":[{"embeddable":true,"href":"http:\/\/desarrollo.grupomedios.com\/futbol\/wp-json\/wp\/v2\/comments?post=390656"}],"version-history":[{"count":0,"href":"http:\/\/desarrollo.grupomedios.com\/futbol\/wp-json\/wp\/v2\/posts\/390656\/revisions"}],"wp:featuredmedia":[{"embeddable":true,"href":"http:\/\/desarrollo.grupomedios.com\/futbol\/wp-json\/wp\/v2\/media\/390668"}],"wp:attachment":[{"href":"http:\/\/desarrollo.grupomedios.com\/futbol\/wp-json\/wp\/v2\/media?parent=390656"}],"wp:term":[{"taxonomy":"category","embeddable":true,"href":"http:\/\/desarrollo.grupomedios.com\/futbol\/wp-json\/wp\/v2\/categories?post=390656"},{"taxonomy":"post_tag","embeddable":true,"href":"http:\/\/desarrollo.grupomedios.com\/futbol\/wp-json\/wp\/v2\/tags?post=390656"}],"curies":[{"name":"wp","href":"https:\/\/api.w.org\/{rel}","templated":true}]}}