{"id":390703,"date":"2016-04-22T15:22:54","date_gmt":"2016-04-22T21:22:54","guid":{"rendered":"http:\/\/www.futboltotal.com.mx\/?p=390703"},"modified":"2016-04-22T15:22:54","modified_gmt":"2016-04-22T21:22:54","slug":"carlos-reinoso-se-mofa-la-liga-mx","status":"publish","type":"post","link":"http:\/\/desarrollo.grupomedios.com\/futbol\/futbol-mexicano\/carlos-reinoso-se-mofa-la-liga-mx\/2016\/04","title":{"rendered":"Carlos Reinoso se mofa de la Liga MX"},"content":{"rendered":"<p>En la semana, Juan Carlos Enr\u00edquez jugador de Mineros de Zacatecas ingres\u00f3 a la cancha vestido de civil y agredi\u00f3 a elementos de Cafetaleros de Tapachula en el Ascenso MX, situaci\u00f3n que le cost\u00f3 seis partidos de suspensi\u00f3n. Dicho castigo provoc\u00f3 la molestia de <strong>Carlos Reinoso<\/strong>, quien lo consider\u00f3 poco y al mismo tiempo se mof\u00f3 al recordar que al due\u00f1o del <strong><a href=\"http:\/\/futboltotal.com.mx\/equipos\/veracruz\/\" target=\"_blank\">Veracruz<\/a><\/strong>, Fidel Kuri, lo alejaron un a\u00f1o del futbol.<\/p>\n<p>Por medio de <em>Twittter<\/em>, el <em>Maestro<\/em> conden\u00f3 la acci\u00f3n, porque rememor\u00f3\u00a0cuando el directivo de los <em>Tiburones Rojos<\/em> encar\u00f3 y agredi\u00f3 f\u00edsicamente al titular de la Comisi\u00f3n de Arbitraje de la Femexfut, Edgardo Codesal. <strong>\u00a0<\/strong><\/p>\n<blockquote class=\"twitter-tweet\" data-lang=\"es\">\n<p dir=\"ltr\" lang=\"es\">De risa a Don Fidel un a\u00f1o y un jugador de civil se mete a una cancha agrede a un compa\u00f1ero de profesi\u00f3n ?nada ? <a href=\"https:\/\/t.co\/I3x4CCWvKY\">pic.twitter.com\/I3x4CCWvKY<\/a><\/p>\n<p>\u2014 Carlos Reinoso V (@Carlos8Reinoso) <a href=\"https:\/\/twitter.com\/Carlos8Reinoso\/status\/723580037811703808\">22 de abril de 2016<\/a><\/p><\/blockquote>\n<p><script src=\"\/\/platform.twitter.com\/widgets.js\" async=\"\" charset=\"utf-8\"><\/script><\/p>\n<p><strong>Carlos Reinoso<\/strong> consider\u00f3 que la acci\u00f3n del futbolista de Mineros merec\u00eda un castigo ejemplar como el de Fidel Kuri, pero en cambio la Comisi\u00f3n Disciplinaria s\u00f3lo le dio seis encuentros.<\/p>\n<p>En otro frente, el delantero del Tapachula, Ismael Valad\u00e9z, tambi\u00e9n extern\u00f3 su molestia porque ped\u00eda que se vetara el Estadio Francisco Villa, que \u00fanicamente recibi\u00f3 una sanci\u00f3n econ\u00f3mica de 146 mil pesos.<\/p>\n<p style=\"text-align: center;\"><span style=\"color: #3366ff;\"><strong><a style=\"color: #3366ff;\" href=\"http:\/\/www.futboltotal.com.mx\/2016\/04\/aficionado-provoca-bronca-en-la-cancha\/\" target=\"_blank\">LEER M\u00c1S: Partido del Ascenso MX termina en pelea<\/a><\/strong><\/span><\/p>\n<p>\u201cQue entre una persona, no importa si es jugador o no, se me hace algo muy bajo. El que le hayan dado seis partidos y que no sea vetado el estadio&#8230; no s\u00e9 qu\u00e9 agresi\u00f3n se pueda dar para vetar un estadio. De que existe posiblemente un favoritismo, existe, las im\u00e1genes y hechos eran para eso (un veto)\u201d, conden\u00f3 el ariete en entrevista con <em>TVC Deportes<\/em>.<\/p>\n<p><span style=\"color: #ff0000;\">VIDEO: Agenda TV | Jornada 15 Liga MX<\/span><br \/>\n[video_player]https:\/\/player.vimeo.com\/external\/163439133.sd.mp4?s=a28319a3755929b648cead45fa31a006bfc27259&amp;profile_id=165[\/video_player]<\/p>\n","protected":false},"excerpt":{"rendered":"<p>El Maestro lament\u00f3 el castigo de la Comisi\u00f3n Disciplinaria <\/p>\n","protected":false},"author":20,"featured_media":390704,"comment_status":"closed","ping_status":"closed","sticky":false,"template":"","format":"standard","meta":[],"categories":[2198,3845,5950],"tags":[432,4538,6049],"_links":{"self":[{"href":"http:\/\/desarrollo.grupomedios.com\/futbol\/wp-json\/wp\/v2\/posts\/390703"}],"collection":[{"href":"http:\/\/desarrollo.grupomedios.com\/futbol\/wp-json\/wp\/v2\/posts"}],"about":[{"href":"http:\/\/desarrollo.grupomedios.com\/futbol\/wp-json\/wp\/v2\/types\/post"}],"author":[{"embeddable":true,"href":"http:\/\/desarrollo.grupomedios.com\/futbol\/wp-json\/wp\/v2\/users\/20"}],"replies":[{"embeddable":true,"href":"http:\/\/desarrollo.grupomedios.com\/futbol\/wp-json\/wp\/v2\/comments?post=390703"}],"version-history":[{"count":0,"href":"http:\/\/desarrollo.grupomedios.com\/futbol\/wp-json\/wp\/v2\/posts\/390703\/revisions"}],"wp:featuredmedia":[{"embeddable":true,"href":"http:\/\/desarrollo.grupomedios.com\/futbol\/wp-json\/wp\/v2\/media\/390704"}],"wp:attachment":[{"href":"http:\/\/desarrollo.grupomedios.com\/futbol\/wp-json\/wp\/v2\/media?parent=390703"}],"wp:term":[{"taxonomy":"category","embeddable":true,"href":"http:\/\/desarrollo.grupomedios.com\/futbol\/wp-json\/wp\/v2\/categories?post=390703"},{"taxonomy":"post_tag","embeddable":true,"href":"http:\/\/desarrollo.grupomedios.com\/futbol\/wp-json\/wp\/v2\/tags?post=390703"}],"curies":[{"name":"wp","href":"https:\/\/api.w.org\/{rel}","templated":true}]}}