{"id":391042,"date":"2016-04-23T16:05:26","date_gmt":"2016-04-23T22:05:26","guid":{"rendered":"http:\/\/www.futboltotal.com.mx\/?p=391042"},"modified":"2016-04-24T08:15:33","modified_gmt":"2016-04-24T14:15:33","slug":"bale-manda-mensaje-a-la-aficion-del-real-madrid","status":"publish","type":"post","link":"http:\/\/desarrollo.grupomedios.com\/futbol\/top-internacional-home\/bale-manda-mensaje-a-la-aficion-del-real-madrid\/2016\/04","title":{"rendered":"El mensaje p\u00edcaro de Bale al madridismo"},"content":{"rendered":"<p><strong>Real Madrid<\/strong><span style=\"color: #3366ff;\"> <a style=\"color: #3366ff;\" href=\"http:\/\/www.futboltotal.com.mx\/2016\/04\/masacre-campeon-barcelona-golea-al-sporting\/\">sigue so\u00f1ando con la Liga Espa\u00f1ola<\/a><\/span> y pese a no contar con Cristiano y empezar el duelo con un marcador adverso de dos goles, supo sobreponerse y conseguir una vitoria importante con una estupenda actuaci\u00f3n de <strong>Gareth Bale<\/strong>, que marc\u00f3 doblete y demostr\u00f3 que puede responder cuando no est\u00e9 en condiciones <em>CR7<\/em>.<\/p>\n<p>&#8220;No pasa nada con el golf. Fui a entrenarme el lunes y ah\u00ed es donde me resent\u00ed. Es algo que pasa a todas horas con los futbolistas. Volv\u00ed al trabajo el jueves estando bien y es lo importante&#8221;, se\u00f1al\u00f3 <strong>Bale<\/strong> y ante la insistencia del reportero que le insisti\u00f3 preguntando si jug\u00f3 al golf, se molest\u00f3 el gal\u00e9s.\u00a0&#8220;Es algo que no te voy a decir&#8221;.<\/p>\n<p style=\"text-align: center;\"><span style=\"color: #3366ff;\"><strong><a style=\"color: #3366ff;\" href=\"http:\/\/www.futboltotal.com.mx\/2016\/04\/barcelona-cuenta-record-historico-penaltis-a-favor\/\">LEER M\u00c1S: Barcelona, con rec\u00f3rd de penaltis a favor<\/a><\/strong><\/span><\/p>\n<p>Hablando sobre el partido, Bale evalu\u00f3 el resultado y el tr\u00e1mite del partido, en el cual fue todo adverso por la cancha, el clima y el rival.\u00a0&#8220;Tuvimos que luchar much\u00edsimo y dar lo mejor porque lo tuvimos muy cuesta arriba. Pero el equipo respondi\u00f3 bien y logramos darle la vuelta&#8221;, \u00a0remarc\u00f3.\u00a0&#8220;No es lo m\u00e1s importante para m\u00ed. Ganamos y seguimos yendo a por la Liga. Me sent\u00ed bien f\u00edsicamente despu\u00e9s de no haber jugado el otro d\u00eda. Es con lo que me quedo&#8221;, contest\u00f3 <strong>Bale<\/strong> tras ser llamado el h\u00e9roe del partido.<\/p>\n<p>Por \u00faltimo record\u00f3 que Cristiano es importante en el equipo pero asegur\u00f3 que el Real Madrid tiene otras piezas que hacen del equipo uno muy especial. &#8220;Es un jugador importante pero ten\u00eda un peque\u00f1o problema. El equipo lo hizo bien&#8221;.<\/p>\n","protected":false},"excerpt":{"rendered":"<p>El atacante gal\u00e9s no se guard\u00f3 nada tras su doblete ante el Rayo <\/p>\n","protected":false},"author":20,"featured_media":391048,"comment_status":"closed","ping_status":"closed","sticky":false,"template":"","format":"standard","meta":[],"categories":[5951],"tags":[6043,5988],"_links":{"self":[{"href":"http:\/\/desarrollo.grupomedios.com\/futbol\/wp-json\/wp\/v2\/posts\/391042"}],"collection":[{"href":"http:\/\/desarrollo.grupomedios.com\/futbol\/wp-json\/wp\/v2\/posts"}],"about":[{"href":"http:\/\/desarrollo.grupomedios.com\/futbol\/wp-json\/wp\/v2\/types\/post"}],"author":[{"embeddable":true,"href":"http:\/\/desarrollo.grupomedios.com\/futbol\/wp-json\/wp\/v2\/users\/20"}],"replies":[{"embeddable":true,"href":"http:\/\/desarrollo.grupomedios.com\/futbol\/wp-json\/wp\/v2\/comments?post=391042"}],"version-history":[{"count":0,"href":"http:\/\/desarrollo.grupomedios.com\/futbol\/wp-json\/wp\/v2\/posts\/391042\/revisions"}],"wp:featuredmedia":[{"embeddable":true,"href":"http:\/\/desarrollo.grupomedios.com\/futbol\/wp-json\/wp\/v2\/media\/391048"}],"wp:attachment":[{"href":"http:\/\/desarrollo.grupomedios.com\/futbol\/wp-json\/wp\/v2\/media?parent=391042"}],"wp:term":[{"taxonomy":"category","embeddable":true,"href":"http:\/\/desarrollo.grupomedios.com\/futbol\/wp-json\/wp\/v2\/categories?post=391042"},{"taxonomy":"post_tag","embeddable":true,"href":"http:\/\/desarrollo.grupomedios.com\/futbol\/wp-json\/wp\/v2\/tags?post=391042"}],"curies":[{"name":"wp","href":"https:\/\/api.w.org\/{rel}","templated":true}]}}