{"id":391401,"date":"2016-04-24T19:37:15","date_gmt":"2016-04-25T01:37:15","guid":{"rendered":"http:\/\/www.futboltotal.com.mx\/?p=391401"},"modified":"2016-04-25T12:15:12","modified_gmt":"2016-04-25T18:15:12","slug":"maximos-goleadores-clausura-2016-jornada-15","status":"publish","type":"post","link":"http:\/\/desarrollo.grupomedios.com\/futbol\/futbol-mexicano\/maximos-goleadores-clausura-2016-jornada-15\/2016\/04","title":{"rendered":"\u00a1Cuidado con Ben\u00edtez y Boselli!"},"content":{"rendered":"<p>Pese a haber sido derrotado en Veracruz, <strong><a href=\"http:\/\/futboltotal.com.mx\/equipos\/cruz-azul\/\" target=\"_blank\">Cruz Azul<\/a><\/strong> recuper\u00f3 a tres elementos de suma importancia en el plantel, entre ellos <strong>Jorge Ben\u00edtez<\/strong>, quien marc\u00f3 el tanto cementero y aprieta la lucha del goleo individual, al aproximarse a <strong>Mauro Boselli<\/strong>, Andr\u00e9-Pierre Gignac y Oribe Peralta.<\/p>\n<p>El liderato de goleo lo mantiene liderado Andr\u00e9-Pierre Gignac de <strong><a href=\"http:\/\/futboltotal.com.mx\/equipos\/tigres\/\" target=\"_blank\">Tigres<\/a><\/strong>, quien, pese a que no anot\u00f3 ante Santos, es el primer lugar de la batalla por t\u00edtulo de romperredes, con 11 dianas; detr\u00e1s del franc\u00e9s sigue Oribe Peralta, del <a href=\"http:\/\/futboltotal.com.mx\/equipos\/america\/\" target=\"_blank\"><strong>Am\u00e9rica<\/strong><\/a>, quien tampoco anot\u00f3 pero ya fue alcanzado por <strong>Mauro Boselli<\/strong>.<\/p>\n<p style=\"text-align: center;\"><span style=\"color: #3366ff;\"><strong><a style=\"color: #3366ff;\" href=\"http:\/\/www.futboltotal.com.mx\/2016\/04\/liguilla-al-momento-clausura-2016\/\" target=\"_blank\">LEER M\u00c1S: Liguilla al momento&#8230;<\/a><\/strong><\/span><\/p>\n<p>Mientras Andr\u00e9-Pierre Gignac y Oribe Peralta se estancan en algunos encuentros, <strong>Mauro Boselli<\/strong>, del<a href=\"http:\/\/futboltotal.com.mx\/equipos\/leon\/\" target=\"_blank\"><strong> Le\u00f3n<\/strong><\/a>, sigue firme su paso de artillero, y ya est\u00e1 en busca de renovar su corona de goleador, que gan\u00f3 en el Apertura 2015.<\/p>\n<p>Con ocho anotaciones, Dayro Moreno de Xolos, <strong>Jorge Ben\u00edtez<\/strong> de <strong>Cruz Azul<\/strong> y Silvio Romero de Chiapas, se encuentran en las posiciones 3 a 6 de esta lucha por ser el m\u00e1ximo goleador del Clausura 2016; s\u00f3lo el delantero de delantero del <em>Jaguar<\/em>, no anot\u00f3 en esta jornada.<\/p>\n<p>Rogelio Funes Mori, Edwin Cardona, Carlos S\u00e1nchez, Darwin Quintero, Franco Jara, Hirving Lozano, Enrique Triverio y Mat\u00edas Alustiza, tienen seis tantos y con ello completan la lista de los m\u00e1ximos romperredes del torneo.<\/p>\n","protected":false},"excerpt":{"rendered":"<p>Los delanteros de la M\u00e1quina y Le\u00f3n, est\u00e1n cerca de Peralta y Gignac<\/p>\n","protected":false},"author":20,"featured_media":391405,"comment_status":"closed","ping_status":"closed","sticky":false,"template":"","format":"standard","meta":[],"categories":[2198,3845,5950],"tags":[6456,64],"_links":{"self":[{"href":"http:\/\/desarrollo.grupomedios.com\/futbol\/wp-json\/wp\/v2\/posts\/391401"}],"collection":[{"href":"http:\/\/desarrollo.grupomedios.com\/futbol\/wp-json\/wp\/v2\/posts"}],"about":[{"href":"http:\/\/desarrollo.grupomedios.com\/futbol\/wp-json\/wp\/v2\/types\/post"}],"author":[{"embeddable":true,"href":"http:\/\/desarrollo.grupomedios.com\/futbol\/wp-json\/wp\/v2\/users\/20"}],"replies":[{"embeddable":true,"href":"http:\/\/desarrollo.grupomedios.com\/futbol\/wp-json\/wp\/v2\/comments?post=391401"}],"version-history":[{"count":0,"href":"http:\/\/desarrollo.grupomedios.com\/futbol\/wp-json\/wp\/v2\/posts\/391401\/revisions"}],"wp:featuredmedia":[{"embeddable":true,"href":"http:\/\/desarrollo.grupomedios.com\/futbol\/wp-json\/wp\/v2\/media\/391405"}],"wp:attachment":[{"href":"http:\/\/desarrollo.grupomedios.com\/futbol\/wp-json\/wp\/v2\/media?parent=391401"}],"wp:term":[{"taxonomy":"category","embeddable":true,"href":"http:\/\/desarrollo.grupomedios.com\/futbol\/wp-json\/wp\/v2\/categories?post=391401"},{"taxonomy":"post_tag","embeddable":true,"href":"http:\/\/desarrollo.grupomedios.com\/futbol\/wp-json\/wp\/v2\/tags?post=391401"}],"curies":[{"name":"wp","href":"https:\/\/api.w.org\/{rel}","templated":true}]}}