{"id":391415,"date":"2016-04-24T20:45:08","date_gmt":"2016-04-25T02:45:08","guid":{"rendered":"http:\/\/www.futboltotal.com.mx\/?p=391415"},"modified":"2016-04-24T20:47:13","modified_gmt":"2016-04-25T02:47:13","slug":"rodolfo-pizarro-en-la-mira-del-twente","status":"publish","type":"post","link":"http:\/\/desarrollo.grupomedios.com\/futbol\/futbol-mexicano\/rodolfo-pizarro-en-la-mira-del-twente\/2016\/04","title":{"rendered":"Rodolfo Pizarro, en la mira del Twente"},"content":{"rendered":"<p>El joven mediocampista del <strong><a href=\"http:\/\/futboltotal.com.mx\/equipos\/pachuca\/\" target=\"_blank\">Pachuca<\/a><\/strong>, <strong>Rodolfo Pizarro<\/strong>, aparentemente est\u00e1 en la mira del equipo holand\u00e9s <strong>Twente<\/strong>, ex club de Jes\u00fas Manuel <em>Tecatito<\/em> Corona; as\u00ed que el futbolista estar\u00eda cerca de cumplir el sue\u00f1o europeo.<\/p>\n<p>Mauricio Garc\u00eda de la Vega, representante de <strong>Rodolfo Pizarro<\/strong>, ya habr\u00eda viajado a Holanda para hablar con la directiva del <strong>Twente<\/strong>, de acuerdo a informaci\u00f3n del comentarista deportivo, David Medrano F\u00e9lix.<\/p>\n<p>La posibilidad parece ser grande, ya que el <strong>Twente<\/strong> acostumbra a hacer algo similar al Porto, al comprar jugadores j\u00f3venes y luego venderlos a un mejor precio a otros clubes del futbol europeo, tal y como lo hizo, con Jes\u00fas Corona.<\/p>\n<p style=\"text-align: center;\"><span style=\"color: #3366ff;\"><strong><a style=\"color: #3366ff;\" href=\"http:\/\/www.futboltotal.com.mx\/2016\/04\/futbol-estufa-rumbo-al-apertura-2016\/\" target=\"_blank\">LEER M\u00c1S: Futbol de Estufa | Apertura 2016<\/a><\/strong><\/span><\/p>\n<p>Y aunque <strong>Rodolfo Pizarro<\/strong> haya renovado contrato con <strong>Pachuca<\/strong> hace apenas unos d\u00edas, eso no significa que haya limitante para mediocampista, pues al igual que Hirving Lozano, puede emigrar de club, siempre y cuando sea Europa su destino.<\/p>\n<p>&#8220;No, el que haya renovado no quita el sue\u00f1o de jugar en Europa y ojal\u00e1 se d\u00e9 pronto&#8221;, se\u00f1al\u00f3 <strong>Rodolfo Pizarro<\/strong> en conferencia de prensa, luego de renovar contrato con los <em>Tuzos<\/em>, por cuatro a\u00f1os.<\/p>\n","protected":false},"excerpt":{"rendered":"<p>El juvenil de Pachuca seguir\u00eda los pasos del Tecatito<\/p>\n","protected":false},"author":20,"featured_media":391417,"comment_status":"closed","ping_status":"closed","sticky":false,"template":"","format":"standard","meta":[],"categories":[2198,3845,5950],"tags":[4847,4908],"_links":{"self":[{"href":"http:\/\/desarrollo.grupomedios.com\/futbol\/wp-json\/wp\/v2\/posts\/391415"}],"collection":[{"href":"http:\/\/desarrollo.grupomedios.com\/futbol\/wp-json\/wp\/v2\/posts"}],"about":[{"href":"http:\/\/desarrollo.grupomedios.com\/futbol\/wp-json\/wp\/v2\/types\/post"}],"author":[{"embeddable":true,"href":"http:\/\/desarrollo.grupomedios.com\/futbol\/wp-json\/wp\/v2\/users\/20"}],"replies":[{"embeddable":true,"href":"http:\/\/desarrollo.grupomedios.com\/futbol\/wp-json\/wp\/v2\/comments?post=391415"}],"version-history":[{"count":0,"href":"http:\/\/desarrollo.grupomedios.com\/futbol\/wp-json\/wp\/v2\/posts\/391415\/revisions"}],"wp:featuredmedia":[{"embeddable":true,"href":"http:\/\/desarrollo.grupomedios.com\/futbol\/wp-json\/wp\/v2\/media\/391417"}],"wp:attachment":[{"href":"http:\/\/desarrollo.grupomedios.com\/futbol\/wp-json\/wp\/v2\/media?parent=391415"}],"wp:term":[{"taxonomy":"category","embeddable":true,"href":"http:\/\/desarrollo.grupomedios.com\/futbol\/wp-json\/wp\/v2\/categories?post=391415"},{"taxonomy":"post_tag","embeddable":true,"href":"http:\/\/desarrollo.grupomedios.com\/futbol\/wp-json\/wp\/v2\/tags?post=391415"}],"curies":[{"name":"wp","href":"https:\/\/api.w.org\/{rel}","templated":true}]}}