{"id":391488,"date":"2016-04-25T13:48:59","date_gmt":"2016-04-25T19:48:59","guid":{"rendered":"http:\/\/www.futboltotal.com.mx\/?p=391488"},"modified":"2016-04-25T13:51:02","modified_gmt":"2016-04-25T19:51:02","slug":"golazo-chilena-25-metros","status":"publish","type":"post","link":"http:\/\/desarrollo.grupomedios.com\/futbol\/videos\/golazo-chilena-25-metros\/2016\/04","title":{"rendered":"\u00a1Emulan a Rivaldo, con majestuosa chilena!"},"content":{"rendered":"<p>Durante el fin de semana,\u00a0<strong>Jav\u00ed G\u00f3mez<\/strong>, futbolista del Socu\u00e9llamos, de la Segunda B de Espa\u00f1a, realiz\u00f3 un impactante gol que le dio la vuelta al mundo, pues mediante una <strong>chilena<\/strong> de 25 metros de distancia con la porter\u00eda, sorprendi\u00f3 al planeta entero.<\/p>\n<p style=\"text-align: center;\"><span style=\"color: #3366ff;\"><strong><a style=\"color: #3366ff;\" href=\"http:\/\/www.futboltotal.com.mx\/2016\/04\/pele-se-unio-a-instagram\/\" target=\"_blank\">LEER M\u00c1S: Pel\u00e9 debuta en Instagram\u00a0<\/a><\/strong><\/span><\/p>\n<p>[video_player]https:\/\/player.vimeo.com\/external\/164137048.hd.mp4?s=2f9b37366ac267753222af8ca8ffa88c7cdcd282&amp;profile_id=174[\/video_player]<\/p>\n<p>La proeza de <strong>Jav\u00ed G\u00f3mez<\/strong> es aparentemente inalcanzable, pues muchos est\u00e1n seguros de que dif\u00edcilmente se volver\u00e1 a repetir algo similar, por lo menos este 2016. Adem\u00e1s, muchos ya ubican este gol, como una definici\u00f3n comparable con la <strong>chilena<\/strong> de Rivaldo en 2001.<\/p>\n","protected":false},"excerpt":{"rendered":"<p>La Segunda Divisi\u00f3n de Espa\u00f1a vivi\u00f3 un golazo de 25 metros<\/p>\n","protected":false},"author":20,"featured_media":391494,"comment_status":"closed","ping_status":"closed","sticky":false,"template":"","format":"standard","meta":[],"categories":[4,6433],"tags":[3881,6274],"_links":{"self":[{"href":"http:\/\/desarrollo.grupomedios.com\/futbol\/wp-json\/wp\/v2\/posts\/391488"}],"collection":[{"href":"http:\/\/desarrollo.grupomedios.com\/futbol\/wp-json\/wp\/v2\/posts"}],"about":[{"href":"http:\/\/desarrollo.grupomedios.com\/futbol\/wp-json\/wp\/v2\/types\/post"}],"author":[{"embeddable":true,"href":"http:\/\/desarrollo.grupomedios.com\/futbol\/wp-json\/wp\/v2\/users\/20"}],"replies":[{"embeddable":true,"href":"http:\/\/desarrollo.grupomedios.com\/futbol\/wp-json\/wp\/v2\/comments?post=391488"}],"version-history":[{"count":0,"href":"http:\/\/desarrollo.grupomedios.com\/futbol\/wp-json\/wp\/v2\/posts\/391488\/revisions"}],"wp:featuredmedia":[{"embeddable":true,"href":"http:\/\/desarrollo.grupomedios.com\/futbol\/wp-json\/wp\/v2\/media\/391494"}],"wp:attachment":[{"href":"http:\/\/desarrollo.grupomedios.com\/futbol\/wp-json\/wp\/v2\/media?parent=391488"}],"wp:term":[{"taxonomy":"category","embeddable":true,"href":"http:\/\/desarrollo.grupomedios.com\/futbol\/wp-json\/wp\/v2\/categories?post=391488"},{"taxonomy":"post_tag","embeddable":true,"href":"http:\/\/desarrollo.grupomedios.com\/futbol\/wp-json\/wp\/v2\/tags?post=391488"}],"curies":[{"name":"wp","href":"https:\/\/api.w.org\/{rel}","templated":true}]}}