{"id":391528,"date":"2016-04-25T16:42:55","date_gmt":"2016-04-25T22:42:55","guid":{"rendered":"http:\/\/www.futboltotal.com.mx\/?p=391528"},"modified":"2016-04-25T16:49:02","modified_gmt":"2016-04-25T22:49:02","slug":"definen-horarios-la-jornada-37-en-la-liga","status":"publish","type":"post","link":"http:\/\/desarrollo.grupomedios.com\/futbol\/futbol-internacional\/definen-horarios-la-jornada-37-en-la-liga\/2016\/04","title":{"rendered":"Pen\u00faltima jornada de infarto en la Liga"},"content":{"rendered":"<p>Este lunes quedaron definidos los horarios de los partidos de la<strong> Jornada 37<\/strong> <strong>en la Liga<\/strong>. Ser\u00e1 una jornada de alto voltaje. Y es que todos los partidos se disputar\u00e1n a las 17:00 horas tiempo local, (10: am TCM) y por si fuera poco alguno de los tres punteros de la clasificaci\u00f3n en Espa\u00f1a podr\u00eda coronarse campe\u00f3n.<\/p>\n<p>El superl\u00edder Barcelona disputar\u00e1 en el Camp Nou, el derbi ante el Espanyol, mientras Atl\u00e9tico de Madrid, subl\u00edder de la clasificaci\u00f3n, enfrentar\u00e1 en el Ciutat de Valencia al Levante y el Real Madrid, que completa el podio, cierra en el Santiago Bernab\u00e9u contra el Valencia.<\/p>\n<p style=\"text-align: center;\"><span style=\"color: #3366ff;\"><strong><a style=\"color: #3366ff;\" href=\"http:\/\/www.futboltotal.com.mx\/futbol-internacional\/mexicanos-en-europa\/\">LEER M\u00c1S: Todas las noticias de mexicanos en Europa<\/a><\/strong><\/span><\/p>\n<blockquote class=\"twitter-tweet\" data-lang=\"es\">\n<p dir=\"ltr\" lang=\"es\">Horarios provisionales para la jornada 37 de la Liga BBVA. <a href=\"https:\/\/t.co\/6c0NxJOWeR\">https:\/\/t.co\/6c0NxJOWeR<\/a> <a href=\"https:\/\/t.co\/I6i70Zuy8i\">pic.twitter.com\/I6i70Zuy8i<\/a><\/p>\n<p>\u2014 LaLiga (@LaLiga) <a href=\"https:\/\/twitter.com\/LaLiga\/status\/724570478640287745\">25 de abril de 2016<\/a><\/p><\/blockquote>\n<p><script src=\"\/\/platform.twitter.com\/widgets.js\" async=\"\" charset=\"utf-8\"><\/script><br \/>\nEn esta misma jornada podr\u00eda definirse el club que disputar\u00e1 la respesca de la Champions League, plaza la que aspira el Villarreal, donde milita el mexicano Jonathan dos Santos, y el Celta de Vigo, que enfrentar\u00e1n al Deportivo la Coru\u00f1a y el M\u00e1laga, de Guillermo Ochoa, respectivamente.<\/p>\n<p>De igual manera se sabr\u00eda cu\u00e1les son los dos clubes que disputar\u00e1n la Europa League. Por el \u00faltimo boleto aspiran el Athletic de Bilbao, que se mide a Las Palmas, y el Sevilla, que recibe al Granada, involucrado en la lucha por la permanencia.<\/p>\n<p>En otro duelo en el que habr\u00e1 elenco tricolor, la Real Sociedad se mide al Rayo Vallecano, con Carlos Vela y Diego Reyes como los protagonistas.<\/p>\n","protected":false},"excerpt":{"rendered":"<p>Est\u00e1n definidos los horarios para ver en acci\u00f3n a la legi\u00f3n tricolor <\/p>\n","protected":false},"author":20,"featured_media":391537,"comment_status":"closed","ping_status":"closed","sticky":false,"template":"","format":"standard","meta":[],"categories":[3839,3844,5951],"tags":[7023,76],"_links":{"self":[{"href":"http:\/\/desarrollo.grupomedios.com\/futbol\/wp-json\/wp\/v2\/posts\/391528"}],"collection":[{"href":"http:\/\/desarrollo.grupomedios.com\/futbol\/wp-json\/wp\/v2\/posts"}],"about":[{"href":"http:\/\/desarrollo.grupomedios.com\/futbol\/wp-json\/wp\/v2\/types\/post"}],"author":[{"embeddable":true,"href":"http:\/\/desarrollo.grupomedios.com\/futbol\/wp-json\/wp\/v2\/users\/20"}],"replies":[{"embeddable":true,"href":"http:\/\/desarrollo.grupomedios.com\/futbol\/wp-json\/wp\/v2\/comments?post=391528"}],"version-history":[{"count":0,"href":"http:\/\/desarrollo.grupomedios.com\/futbol\/wp-json\/wp\/v2\/posts\/391528\/revisions"}],"wp:featuredmedia":[{"embeddable":true,"href":"http:\/\/desarrollo.grupomedios.com\/futbol\/wp-json\/wp\/v2\/media\/391537"}],"wp:attachment":[{"href":"http:\/\/desarrollo.grupomedios.com\/futbol\/wp-json\/wp\/v2\/media?parent=391528"}],"wp:term":[{"taxonomy":"category","embeddable":true,"href":"http:\/\/desarrollo.grupomedios.com\/futbol\/wp-json\/wp\/v2\/categories?post=391528"},{"taxonomy":"post_tag","embeddable":true,"href":"http:\/\/desarrollo.grupomedios.com\/futbol\/wp-json\/wp\/v2\/tags?post=391528"}],"curies":[{"name":"wp","href":"https:\/\/api.w.org\/{rel}","templated":true}]}}