{"id":391553,"date":"2016-04-25T17:40:52","date_gmt":"2016-04-25T23:40:52","guid":{"rendered":"http:\/\/www.futboltotal.com.mx\/?p=391553"},"modified":"2016-04-25T17:40:52","modified_gmt":"2016-04-25T23:40:52","slug":"directivos-santos-culpan-a-aficionados-tigres-violencia","status":"publish","type":"post","link":"http:\/\/desarrollo.grupomedios.com\/futbol\/futbol-mexicano\/directivos-santos-culpan-a-aficionados-tigres-violencia\/2016\/04","title":{"rendered":"Pol\u00e9mica acusaci\u00f3n de directivos de Santos"},"content":{"rendered":"<p>Los directivos de <strong>Santos<\/strong> har\u00e1n hasta lo imposible para evitar el veto de plaza por parte de la Comisi\u00f3n Disciplinaria de la FMF. Y de entrada, responsabilizan a las barras de <strong>Tigres<\/strong> de la <strong>violencia<\/strong> en el estadio TSM Corona.<\/p>\n<p>En ese sentido, el vicepresidente del conjunto lagunero, Alberto Canedo, afirm\u00f3 que no es la primera vez que ocurren <strong>incidentes violentos<\/strong> donde est\u00e9n involucrados aficionados de <strong>Tigres<\/strong>.<\/p>\n<p style=\"text-align: center;\"><span style=\"color: #3366ff;\"><strong><a style=\"color: #3366ff;\" href=\"http:\/\/www.futboltotal.com.mx\/2016\/04\/comitiva-tigres-sufre-asalto-en-torreon\/\">LEER M\u00c1S: Directiva de Tigres, asaltada en Torre\u00f3n<\/a><\/strong><\/span><\/p>\n<p>\u201cNo fue un tema de nosotros, fue un tema iniciado por estos seudoaficionados de este equipo (Tigres)\u201d, dijo Canedo, quien pide que no se castigue a justos por pecadores tras la bronca que se suscit\u00f3 el s\u00e1bado pasado en Torre\u00f3n.<\/p>\n<p>Por su parte, el presidente deportivo de <strong>Santos<\/strong>, Alejandro Irarragori, consider\u00f3 que los <strong>hechos violentos<\/strong> son un &#8220;com\u00fan denominador&#8221; en los partidos contra la plantilla regia, al tiempo que culp\u00f3 directamente a los seguidores del cuadro <em>felino<\/em> de los hechos violentos del pasado s\u00e1bado.<\/p>\n<p style=\"text-align: center;\"><span style=\"color: #3366ff;\"><strong><a style=\"color: #3366ff;\" href=\"http:\/\/www.futboltotal.com.mx\/2016\/04\/bronca-en-territorio-santos-modelo-iniciada-policia\/\">LEER M\u00c1S: Bronca en TSM, \u00a1\u00bfiniciada por polic\u00eda?!<\/a><\/strong><\/span><\/p>\n<p>&#8220;Es preocupante que con esta afici\u00f3n (la de <strong>Tigres<\/strong>) suceden cosas a menudo y no nada m\u00e1s en nuestro estadio&#8221;, se\u00f1al\u00f3 Iraragorri. &#8220;Asumimos el tema, pero no fue Santos ni su afici\u00f3n la que inici\u00f3 este problema. Sin duda la Federaci\u00f3n y Comisi\u00f3n tienen una enorme responsabilidad en este momento de analizar las pruebas&#8221;, agreg\u00f3.<\/p>\n<blockquote class=\"twitter-tweet\" data-lang=\"es\">\n<p dir=\"ltr\" lang=\"es\">Comunicado de Prensa sobre los hechos ocurridos ayer al t\u00e9rmino del juego contra Tigres <a href=\"https:\/\/t.co\/W1Vo1wRul2\">pic.twitter.com\/W1Vo1wRul2<\/a><\/p>\n<p>\u2014 ClubSantosLaguna (@ClubSantos) <a href=\"https:\/\/twitter.com\/ClubSantos\/status\/724373022006644738\">24 de abril de 2016<\/a><\/p><\/blockquote>\n<p><script src=\"\/\/platform.twitter.com\/widgets.js\" async=\"\" charset=\"utf-8\"><\/script><\/p>\n<p>Por otra parte, la Comisi\u00f3n Disciplinaria inform\u00f3 este lunes que inici\u00f3 un procedimiento de investigaci\u00f3n en contra del<strong> Club Santos<\/strong> tras los <strong>hechos violentos<\/strong> acontecidos el pasado s\u00e1bado.<\/p>\n","protected":false},"excerpt":{"rendered":"<p>Directivos laguneros culpan a aficionados de Tigres por violencia<\/p>\n","protected":false},"author":20,"featured_media":391555,"comment_status":"closed","ping_status":"closed","sticky":false,"template":"","format":"standard","meta":[],"categories":[2198,3845,5950],"tags":[5972,5973,3107],"_links":{"self":[{"href":"http:\/\/desarrollo.grupomedios.com\/futbol\/wp-json\/wp\/v2\/posts\/391553"}],"collection":[{"href":"http:\/\/desarrollo.grupomedios.com\/futbol\/wp-json\/wp\/v2\/posts"}],"about":[{"href":"http:\/\/desarrollo.grupomedios.com\/futbol\/wp-json\/wp\/v2\/types\/post"}],"author":[{"embeddable":true,"href":"http:\/\/desarrollo.grupomedios.com\/futbol\/wp-json\/wp\/v2\/users\/20"}],"replies":[{"embeddable":true,"href":"http:\/\/desarrollo.grupomedios.com\/futbol\/wp-json\/wp\/v2\/comments?post=391553"}],"version-history":[{"count":0,"href":"http:\/\/desarrollo.grupomedios.com\/futbol\/wp-json\/wp\/v2\/posts\/391553\/revisions"}],"wp:featuredmedia":[{"embeddable":true,"href":"http:\/\/desarrollo.grupomedios.com\/futbol\/wp-json\/wp\/v2\/media\/391555"}],"wp:attachment":[{"href":"http:\/\/desarrollo.grupomedios.com\/futbol\/wp-json\/wp\/v2\/media?parent=391553"}],"wp:term":[{"taxonomy":"category","embeddable":true,"href":"http:\/\/desarrollo.grupomedios.com\/futbol\/wp-json\/wp\/v2\/categories?post=391553"},{"taxonomy":"post_tag","embeddable":true,"href":"http:\/\/desarrollo.grupomedios.com\/futbol\/wp-json\/wp\/v2\/tags?post=391553"}],"curies":[{"name":"wp","href":"https:\/\/api.w.org\/{rel}","templated":true}]}}