{"id":392015,"date":"2016-04-27T09:37:19","date_gmt":"2016-04-27T15:37:19","guid":{"rendered":"http:\/\/www.futboltotal.com.mx\/?p=392015"},"modified":"2016-04-27T13:04:18","modified_gmt":"2016-04-27T19:04:18","slug":"ochoa-cierre-anhelado","status":"publish","type":"post","link":"http:\/\/desarrollo.grupomedios.com\/futbol\/futbol-internacional\/ochoa-cierre-anhelado\/2016\/04","title":{"rendered":"Memo Ochoa, por el cierre m\u00e1s anhelado"},"content":{"rendered":"<p>El portero mexicano <strong>Guillermo Ochoa<\/strong> apunta para ser el titular indiscutible con el <strong>M\u00e1laga <\/strong>en \u00a0el cierre de la temporada 2015-16. Su participaci\u00f3n est\u00e1 pr\u00e1cticamente garantizada, toda vez que el\u00a0portero camerun\u00e9s Carlos Kameni, pese a que regres\u00f3 a entrenar desde hace siete semanas, no est\u00e1 totalmente recuperado a la lesi\u00f3n que sufri\u00f3 en marzo pasado.<\/p>\n<p><strong>Ochoa\u00a0<\/strong>tomo custodia del marco andaluz en calidad de titular a partir \u00a0de la jornada 29. Su desempe\u00f1o ha tenido nota sobresaliente, aun cuando ha recibido cuatro goles. En Espa\u00f1a destacan su calibre y este mi\u00e9rcoles, la prensa local revela que el retraso en la recuperaci\u00f3n de Kameni lo enfila a ser el indiscutible para\u00a0los duelos ante Levante, Celta y Las Palmas.<\/p>\n<p style=\"text-align: center;\"><span style=\"color: #3366ff;\"><strong><a style=\"color: #3366ff;\" href=\"http:\/\/www.futboltotal.com.mx\/2016\/04\/memo-ochoa-acaricia-marca-historica-malaga\/\">LEER M\u00c1S. Ochoa acaricia r\u00e9cord con el M\u00e1laga<\/a><\/strong><\/span><\/p>\n<p>&#8220;Kameni aun no est\u00e1 disponible y Ochoa apunta para finalizar la temporada como titular. Pese a su larga inactividad, ha tenido grandes actuaciones, con paradas salvadoras para su equipo. y el entrenador Javi Gracia lo dejar\u00e1 fijo&#8221;,\u00a0publica este mi\u00e9rcoles el diario <em>Sur.<\/em><\/p>\n<p>Aunque\u00a0<strong>Ochoa<\/strong> tiene, por ahora, afianzado la porter\u00eda, el M\u00e1laga tiene un problema serio, toda vez que Kameni ni siquiera va a ser convocado y \u00a0por ello el entrenador Javi Gracia tendr\u00e1 que seguir tirando del arquero Aar\u00f3n, quien no ha podido tener participaci\u00f3n con el filial, cunando en disputa est\u00e1n las opciones para la fase de ascenso a Segunda B.<\/p>\n<p>Se avecina un buen cierre para <strong>Ochoa. <\/strong>Y despu\u00e9s volver\u00e1 a disputar la titularidad con Kameni. La \u00faltima palabra la tendr\u00e1 el entrenador Javi Gracia y, por supuesto, la directiva del club, si es que decide dejarlo ir en el pr\u00f3ximo verano.<\/p>\n<p>&nbsp;<\/p>\n<p>&nbsp;<\/p>\n","protected":false},"excerpt":{"rendered":"<p>El portero terminar\u00e1 la temporada como titular con el M\u00e1laga<\/p>\n","protected":false},"author":20,"featured_media":392022,"comment_status":"closed","ping_status":"closed","sticky":false,"template":"","format":"standard","meta":[],"categories":[3839,3844,5951],"tags":[5991,306],"_links":{"self":[{"href":"http:\/\/desarrollo.grupomedios.com\/futbol\/wp-json\/wp\/v2\/posts\/392015"}],"collection":[{"href":"http:\/\/desarrollo.grupomedios.com\/futbol\/wp-json\/wp\/v2\/posts"}],"about":[{"href":"http:\/\/desarrollo.grupomedios.com\/futbol\/wp-json\/wp\/v2\/types\/post"}],"author":[{"embeddable":true,"href":"http:\/\/desarrollo.grupomedios.com\/futbol\/wp-json\/wp\/v2\/users\/20"}],"replies":[{"embeddable":true,"href":"http:\/\/desarrollo.grupomedios.com\/futbol\/wp-json\/wp\/v2\/comments?post=392015"}],"version-history":[{"count":0,"href":"http:\/\/desarrollo.grupomedios.com\/futbol\/wp-json\/wp\/v2\/posts\/392015\/revisions"}],"wp:featuredmedia":[{"embeddable":true,"href":"http:\/\/desarrollo.grupomedios.com\/futbol\/wp-json\/wp\/v2\/media\/392022"}],"wp:attachment":[{"href":"http:\/\/desarrollo.grupomedios.com\/futbol\/wp-json\/wp\/v2\/media?parent=392015"}],"wp:term":[{"taxonomy":"category","embeddable":true,"href":"http:\/\/desarrollo.grupomedios.com\/futbol\/wp-json\/wp\/v2\/categories?post=392015"},{"taxonomy":"post_tag","embeddable":true,"href":"http:\/\/desarrollo.grupomedios.com\/futbol\/wp-json\/wp\/v2\/tags?post=392015"}],"curies":[{"name":"wp","href":"https:\/\/api.w.org\/{rel}","templated":true}]}}