{"id":392220,"date":"2016-04-28T08:00:19","date_gmt":"2016-04-28T14:00:19","guid":{"rendered":"http:\/\/www.futboltotal.com.mx\/?p=392220"},"modified":"2016-04-28T09:43:25","modified_gmt":"2016-04-28T15:43:25","slug":"futbolistas-mexicanos-campeones-dos-los-grandes-la-liga-mx","status":"publish","type":"post","link":"http:\/\/desarrollo.grupomedios.com\/futbol\/destacado-home\/futbolistas-mexicanos-campeones-dos-los-grandes-la-liga-mx\/2016\/04","title":{"rendered":"\u00a1Nacidos para la grandeza!"},"content":{"rendered":"<p>Este 28 de abril, <strong>Juan Francisco Palencia<\/strong> cumple 43 a\u00f1os. Sin duda, el <em>Gatillero<\/em>\u00a0es uno de los jugadores mexicanos m\u00e1s destacados, que inclusive, jug\u00f3 en tres de los cuatro grandes del <strong><a href=\"http:\/\/futboltotal.com.mx\/futbol-mexicano\/\" target=\"_blank\">futbol mexicano<\/a><\/strong>\u00a0y fue campe\u00f3n con dos de ellos. Eso nos hace recordar, que <a href=\"http:\/\/www.futboltotal.com.mx\/2016\/04\/paco-palencia-espera-dirigir-en-la-liga-mx\/\" target=\"_blank\">el\u00a0ahora entrenador<\/a>\u00a0no es el \u00fanico talentoso jugador que gan\u00f3 un t\u00edtulo nacional con m\u00e1s de uno de los gigantez del balompi\u00e9 <em>azteca<\/em>.<\/p>\n<p style=\"text-align: center;\"><span style=\"color: #3366ff;\"><strong><a style=\"color: #3366ff;\" href=\"http:\/\/www.futboltotal.com.mx\/2016\/01\/futbolistas-traidores-de-la-liga-mx\/\" target=\"_blank\">LEER M\u00c1S: Futbolistas traidores de la Liga MX<\/a><\/strong><\/span><\/p>\n<p>Estos son, los jugadores destacados que fueron campeones con dos de los grandes de la <strong>Liga MX:<\/strong><\/p>\n<p><a href=\"http:\/\/www.futboltotal.com.mx\/wp-content\/uploads\/2016\/04\/campeonescon2.png\" rel=\"attachment wp-att-392230\"><img decoding=\"async\" loading=\"lazy\" class=\"alignnone size-full wp-image-392230\" src=\"http:\/\/www.futboltotal.com.mx\/wp-content\/uploads\/2016\/04\/campeonescon2.png\" alt=\"campeonescon2\" srcset=\"http:\/\/desarrollo.grupomedios.com\/futbol\/wp-content\/uploads\/2016\/04\/campeonescon2.png 940w, http:\/\/desarrollo.grupomedios.com\/futbol\/wp-content\/uploads\/2016\/04\/campeonescon2-248x300.png 248w, http:\/\/desarrollo.grupomedios.com\/futbol\/wp-content\/uploads\/2016\/04\/campeonescon2-768x930.png 768w, http:\/\/desarrollo.grupomedios.com\/futbol\/wp-content\/uploads\/2016\/04\/campeonescon2-846x1024.png 846w\" sizes=\"(max-width: 940px) 100vw, 940px\" \/><\/a><\/p>\n<p>En la lista\u00a0tambi\u00e9n aparece\u00a0<a href=\"http:\/\/www.futboltotal.com.mx\/2015\/11\/moctezuma-serrato-el-campeon-con-inmensa-suerte\/\" target=\"_blank\"><strong>Moctezuma Serrato<\/strong>,\u00a0que pese a tener una ef\u00edmera participaci\u00f3n con las <em>\u00c1guilas<\/em> del Am\u00e9rica y los Pumas de UNAM<\/a> (\u00bfen el futbol en general?), presume ser monarca con los dos conjuntos.<\/p>\n<p><span style=\"color: #ff0000;\"><strong>VIDEO<\/strong>: TOP 5\u00a0| Goles de la\u00a0jornada 15<\/span><\/p>\n<p>[video_player]https:\/\/player.vimeo.com\/external\/164108739.hd.mp4?s=ae19074dcefd2760158ef3140d0d2e8051eec779&amp;profile_id=174[\/video_player]<\/p>\n","protected":false},"excerpt":{"rendered":"<p>Palencia y otros futbolistas, fueron campeones con dos grandes de Liga MX<\/p>\n","protected":false},"author":20,"featured_media":392409,"comment_status":"closed","ping_status":"closed","sticky":false,"template":"","format":"standard","meta":[],"categories":[5,2198,3845],"tags":[5959,70,5962,1449,64,74],"_links":{"self":[{"href":"http:\/\/desarrollo.grupomedios.com\/futbol\/wp-json\/wp\/v2\/posts\/392220"}],"collection":[{"href":"http:\/\/desarrollo.grupomedios.com\/futbol\/wp-json\/wp\/v2\/posts"}],"about":[{"href":"http:\/\/desarrollo.grupomedios.com\/futbol\/wp-json\/wp\/v2\/types\/post"}],"author":[{"embeddable":true,"href":"http:\/\/desarrollo.grupomedios.com\/futbol\/wp-json\/wp\/v2\/users\/20"}],"replies":[{"embeddable":true,"href":"http:\/\/desarrollo.grupomedios.com\/futbol\/wp-json\/wp\/v2\/comments?post=392220"}],"version-history":[{"count":0,"href":"http:\/\/desarrollo.grupomedios.com\/futbol\/wp-json\/wp\/v2\/posts\/392220\/revisions"}],"wp:featuredmedia":[{"embeddable":true,"href":"http:\/\/desarrollo.grupomedios.com\/futbol\/wp-json\/wp\/v2\/media\/392409"}],"wp:attachment":[{"href":"http:\/\/desarrollo.grupomedios.com\/futbol\/wp-json\/wp\/v2\/media?parent=392220"}],"wp:term":[{"taxonomy":"category","embeddable":true,"href":"http:\/\/desarrollo.grupomedios.com\/futbol\/wp-json\/wp\/v2\/categories?post=392220"},{"taxonomy":"post_tag","embeddable":true,"href":"http:\/\/desarrollo.grupomedios.com\/futbol\/wp-json\/wp\/v2\/tags?post=392220"}],"curies":[{"name":"wp","href":"https:\/\/api.w.org\/{rel}","templated":true}]}}