{"id":392247,"date":"2016-04-27T18:09:59","date_gmt":"2016-04-28T00:09:59","guid":{"rendered":"http:\/\/www.futboltotal.com.mx\/?p=392247"},"modified":"2016-04-27T18:11:08","modified_gmt":"2016-04-28T00:11:08","slug":"moises-munoz-refuerzo-xolos-tijuana","status":"publish","type":"post","link":"http:\/\/desarrollo.grupomedios.com\/futbol\/futbol-mexicano\/moises-munoz-refuerzo-xolos-tijuana\/2016\/04","title":{"rendered":"Tijuana, \u00bfel destino de Mois\u00e9s Mu\u00f1oz?"},"content":{"rendered":"<p>Tras perder la titularidad con <strong><a href=\"http:\/\/futboltotal.com.mx\/equipos\/america\/\" target=\"_blank\">Am\u00e9rica<\/a><\/strong>, <strong>Mois\u00e9s Mu\u00f1oz<\/strong> parece tener los d\u00edas contados con el conjunto azulcrema, pese a haber ganado dos t\u00edtulos con el equipo y expresar en m\u00e1s de una ocasi\u00f3n, que quisiera retirarse con los azulcremas.<\/p>\n<p>La labor de Hugo Gonz\u00e1lez ha eclipsado a <strong>Mois\u00e9s Mu\u00f1oz<\/strong>, quien, por ser hombre de confianza de Miguel Herrera, encontrar\u00eda un lugar en los <strong><a href=\"http:\/\/futboltotal.com.mx\/equipos\/tijuana\/\" target=\"_blank\">Xolos de Tijuana<\/a><\/strong>, e inclusive, las directivas de ambos equipos ya habr\u00edan hablado al respecto, en la \u00faltima visita del cuadro fronterizo a la Ciudad de M\u00e9xico, seg\u00fan lo afirma la cadena <em>ESPN<\/em>.<\/p>\n<p style=\"text-align: center;\"><strong><span style=\"color: #3366ff;\"><a style=\"color: #3366ff;\" href=\"http:\/\/www.futboltotal.com.mx\/2016\/04\/en-vivo-america-vs-tigres-concachampions\/\" target=\"_blank\">LEER M\u00c1S: Todo listo para la final de vuelta de Concachampions<\/a><\/span><\/strong><\/p>\n<p>Miguel Herrera dirigi\u00f3 a <strong>Mois\u00e9s Mu\u00f1oz<\/strong> en Atlante y al ganarse su confianza, lo llev\u00f3 al <strong>Am\u00e9rica<\/strong> en el momento en que tom\u00f3 las riendas del club. Con las <em>\u00c1guilas<\/em>, <em>Piojo<\/em> y <em>Moi<\/em> fueron campeones, el primero en una ocasi\u00f3n, y el segundo dos veces y una m\u00e1s en Concachampions.<\/p>\n<p>Ahora, ante la falta de actividad con <strong>Am\u00e9rica<\/strong> y los rumores sobre su continuidad en el equipo para la siguiente campa\u00f1a, Moi encontrar\u00eda salvaci\u00f3n en <strong>Xolos<\/strong>, que ha tenido un paso irregular en la Liga MX y que podr\u00eda pelear por el no descenso, a partir del Apertura 2016.<\/p>\n<p><span style=\"color: #ff0000;\"><strong>VIDEO<\/strong>: TOP 5\u00a0| Goles de la\u00a0jornada 15<\/span><\/p>\n<p>[video_player]https:\/\/player.vimeo.com\/external\/164108739.hd.mp4?s=ae19074dcefd2760158ef3140d0d2e8051eec779&amp;profile_id=174[\/video_player]<\/p>\n","protected":false},"excerpt":{"rendered":"<p>El cancerbero cambiar\u00eda de aires por falta de juego en Am\u00e9rica<\/p>\n","protected":false},"author":20,"featured_media":392249,"comment_status":"closed","ping_status":"closed","sticky":false,"template":"","format":"standard","meta":[],"categories":[2198,3845,5950],"tags":[5959,635,1673],"_links":{"self":[{"href":"http:\/\/desarrollo.grupomedios.com\/futbol\/wp-json\/wp\/v2\/posts\/392247"}],"collection":[{"href":"http:\/\/desarrollo.grupomedios.com\/futbol\/wp-json\/wp\/v2\/posts"}],"about":[{"href":"http:\/\/desarrollo.grupomedios.com\/futbol\/wp-json\/wp\/v2\/types\/post"}],"author":[{"embeddable":true,"href":"http:\/\/desarrollo.grupomedios.com\/futbol\/wp-json\/wp\/v2\/users\/20"}],"replies":[{"embeddable":true,"href":"http:\/\/desarrollo.grupomedios.com\/futbol\/wp-json\/wp\/v2\/comments?post=392247"}],"version-history":[{"count":0,"href":"http:\/\/desarrollo.grupomedios.com\/futbol\/wp-json\/wp\/v2\/posts\/392247\/revisions"}],"wp:featuredmedia":[{"embeddable":true,"href":"http:\/\/desarrollo.grupomedios.com\/futbol\/wp-json\/wp\/v2\/media\/392249"}],"wp:attachment":[{"href":"http:\/\/desarrollo.grupomedios.com\/futbol\/wp-json\/wp\/v2\/media?parent=392247"}],"wp:term":[{"taxonomy":"category","embeddable":true,"href":"http:\/\/desarrollo.grupomedios.com\/futbol\/wp-json\/wp\/v2\/categories?post=392247"},{"taxonomy":"post_tag","embeddable":true,"href":"http:\/\/desarrollo.grupomedios.com\/futbol\/wp-json\/wp\/v2\/tags?post=392247"}],"curies":[{"name":"wp","href":"https:\/\/api.w.org\/{rel}","templated":true}]}}