{"id":392397,"date":"2016-04-27T22:43:03","date_gmt":"2016-04-28T04:43:03","guid":{"rendered":"http:\/\/www.futboltotal.com.mx\/?p=392397"},"modified":"2016-04-27T22:52:04","modified_gmt":"2016-04-28T04:52:04","slug":"unos-cobardes-malnacidos-ricardo-ferretti","status":"publish","type":"post","link":"http:\/\/desarrollo.grupomedios.com\/futbol\/futbol-mexicano\/unos-cobardes-malnacidos-ricardo-ferretti\/2016\/04","title":{"rendered":"\u00a1Son unos cobardes, malnacidos!: Ricardo Ferretti"},"content":{"rendered":"<p>En la conferencia de prensa posterior al partido entre <strong><a href=\"http:\/\/futboltotal.com.mx\/equipos\/tigres\/\" target=\"_blank\">Tigres<\/a><\/strong> y <strong><a href=\"http:\/\/futboltotal.com.mx\/equipos\/america\/\" target=\"_blank\">Am\u00e9rica<\/a><\/strong> de la final de Concachampions, <strong>Ricardo Ferretti<\/strong> explot\u00f3 contra los aficionados <em>azulcremas<\/em> que estuvieron lanzando luz de l\u00e1ser, sobre la cara del estratega y de sus futbolistas, e incluso del \u00e1rbitro, durante el encuentro.<\/p>\n<p>&#8220;Son unos cobardes malnacidos, cobardes, malparidos. No se valen esas cosas. No creo que a ellos les guste que les hiciera algo as\u00ed a sus hijos&#8221;, se\u00f1al\u00f3 con molestia <strong>Ricardo<\/strong> <strong>Ferretti<\/strong>, quien tambi\u00e9n qued\u00f3 inconforme por haber perdido la final.<\/p>\n<p><a href=\"http:\/\/www.futboltotal.com.mx\/wp-content\/uploads\/2016\/04\/america-vs-tigres-3.jpg\" rel=\"attachment wp-att-392368\"><img decoding=\"async\" loading=\"lazy\" class=\"alignnone size-full wp-image-392368\" src=\"http:\/\/www.futboltotal.com.mx\/wp-content\/uploads\/2016\/04\/america-vs-tigres-3.jpg\" alt=\"america-vs-tigres-3\" srcset=\"http:\/\/desarrollo.grupomedios.com\/futbol\/wp-content\/uploads\/2016\/04\/america-vs-tigres-3.jpg 820w, http:\/\/desarrollo.grupomedios.com\/futbol\/wp-content\/uploads\/2016\/04\/america-vs-tigres-3-300x183.jpg 300w, http:\/\/desarrollo.grupomedios.com\/futbol\/wp-content\/uploads\/2016\/04\/america-vs-tigres-3-768x468.jpg 768w\" sizes=\"(max-width: 820px) 100vw, 820px\" \/><\/a><\/p>\n<p>El estratega de <strong>Tigres<\/strong> tambi\u00e9n mostr\u00f3 inconformidad por haber perdido la final, pues sabe que no se logr\u00f3 el objetivo y que su equipo ahora debe de buscar la calificaci\u00f3n a la liguilla del Clausura 2016.<\/p>\n<p style=\"text-align: center;\"><strong><a href=\"http:\/\/www.futboltotal.com.mx\/2016\/04\/hugo-gonzalez-recibe-guante-oro-concachampions\/\" target=\"_blank\">LEER M\u00c1S: Hugo Gonz\u00e1lez, el mejor portero del torneo<\/a><\/strong><\/p>\n<p>&#8220;Estoy enojado, c\u00f3mo no, cualquier derrota duele, sea de una final o de un partido cualquiera, inclusive en canicas. Detesto perder. Nos fue m\u00e1s o menos en el torneo, pues no ganamos la final; ahora tenemos que buscar la calificaci\u00f3n en el torneo local, que ya descuidamos un poco&#8221;, concluy\u00f3 el <em>Tuca<\/em>.<\/p>\n<p><span style=\"color: #ff0000;\"><strong>VIDEO<\/strong>: TOP 5\u00a0| Goles de la\u00a0jornada 15<\/span><\/p>\n<p>[video_player]https:\/\/player.vimeo.com\/external\/164108739.hd.mp4?s=ae19074dcefd2760158ef3140d0d2e8051eec779&amp;profile_id=174[\/video_player]<\/p>\n","protected":false},"excerpt":{"rendered":"<p>Tuca explot\u00f3 contra aficionados de Am\u00e9rica<\/p>\n","protected":false},"author":20,"featured_media":392398,"comment_status":"closed","ping_status":"closed","sticky":false,"template":"","format":"standard","meta":[],"categories":[5398,3839,2198,5950],"tags":[3182,104,5973],"_links":{"self":[{"href":"http:\/\/desarrollo.grupomedios.com\/futbol\/wp-json\/wp\/v2\/posts\/392397"}],"collection":[{"href":"http:\/\/desarrollo.grupomedios.com\/futbol\/wp-json\/wp\/v2\/posts"}],"about":[{"href":"http:\/\/desarrollo.grupomedios.com\/futbol\/wp-json\/wp\/v2\/types\/post"}],"author":[{"embeddable":true,"href":"http:\/\/desarrollo.grupomedios.com\/futbol\/wp-json\/wp\/v2\/users\/20"}],"replies":[{"embeddable":true,"href":"http:\/\/desarrollo.grupomedios.com\/futbol\/wp-json\/wp\/v2\/comments?post=392397"}],"version-history":[{"count":0,"href":"http:\/\/desarrollo.grupomedios.com\/futbol\/wp-json\/wp\/v2\/posts\/392397\/revisions"}],"wp:featuredmedia":[{"embeddable":true,"href":"http:\/\/desarrollo.grupomedios.com\/futbol\/wp-json\/wp\/v2\/media\/392398"}],"wp:attachment":[{"href":"http:\/\/desarrollo.grupomedios.com\/futbol\/wp-json\/wp\/v2\/media?parent=392397"}],"wp:term":[{"taxonomy":"category","embeddable":true,"href":"http:\/\/desarrollo.grupomedios.com\/futbol\/wp-json\/wp\/v2\/categories?post=392397"},{"taxonomy":"post_tag","embeddable":true,"href":"http:\/\/desarrollo.grupomedios.com\/futbol\/wp-json\/wp\/v2\/tags?post=392397"}],"curies":[{"name":"wp","href":"https:\/\/api.w.org\/{rel}","templated":true}]}}