{"id":392421,"date":"2016-04-28T07:27:14","date_gmt":"2016-04-28T13:27:14","guid":{"rendered":"http:\/\/www.futboltotal.com.mx\/?p=392421"},"modified":"2016-04-28T07:31:06","modified_gmt":"2016-04-28T13:31:06","slug":"benzema-listo-manchester-city","status":"publish","type":"post","link":"http:\/\/desarrollo.grupomedios.com\/futbol\/futbol-internacional\/benzema-listo-manchester-city\/2016\/04","title":{"rendered":"Benzema apuesta todo al Manchester City"},"content":{"rendered":"<p>La presencia del delantero franc\u00e9s, <strong>Karim Benzema<\/strong>, para el partido de Vuelta de la semifinal ante el<strong> Manchester City<\/strong>, que se disputar\u00e1 el pr\u00f3ximo martes 3 de mayo, pende de un hilo. Sufre una &#8220;lesi\u00f3n miofiscal en el b\u00edceps femoral derecho&#8221; y por ahora su pron\u00f3stico de recuperaci\u00f3n es reservado.<\/p>\n<p>La lesi\u00f3n del delantero franc\u00e9s fue confirmada este jueves por el Real Madrid, despu\u00e9s de hacerlo sometido a pruebas m\u00e9dicas. &#8220;El jugador <strong>Karim Benzema<\/strong> tiene una lesi\u00f3n miofascial en el b\u00edceps femoral derecho. Pendiente de evoluci\u00f3n&#8221;, inform\u00f3 el club en su p\u00e1gina web.<\/p>\n<p style=\"text-align: center;\"><span style=\"color: #3366ff;\"><strong><a style=\"color: #3366ff;\" href=\"http:\/\/www.futboltotal.com.mx\/2016\/04\/cristiano-manda-mensaje-al-real-madrid\/\">LEER M\u00c1S: Cristiano, tranquiliza al Real Madrid<\/a><\/strong><\/span><\/p>\n<p>En el entrenamiento de este d\u00eda, <strong>Benzema<\/strong> realiz\u00f3 trabajos de gimnasio y el resto de la semana estar\u00e1 entre algodones. El entrenador Zinedine Zidane no utilizar\u00e1 al franc\u00e9s para el partido de este s\u00e1bado ante la Real Sociedad, pues la prioridad es recuperarlo para el partido en el Santiago Bernab\u00e9u.<\/p>\n<p><strong>Benzema<\/strong> se lesion\u00f3 en el partido ante Rayo Vallecano del pasado fin de semana y tuvo que retirarse al minuto 41 por molestias musculares. Pese a ello fue titular en la Ida ante el <strong>Manchestr City,<\/strong>pero para mala fortuna del Real Madrid no resisti\u00f3 m\u00e1s de 45 minutos. Al descanso fue relevado por Jes\u00e9 Rodr\u00edguez y sali\u00f3 del campo con una bolsa de hielo en la zona afectada.<\/p>\n<p>&nbsp;<\/p>\n","protected":false},"excerpt":{"rendered":"<p>El franc\u00e9s tiene m\u00ednima esperanza jugar la semifinal de UCL<\/p>\n","protected":false},"author":78,"featured_media":392424,"comment_status":"closed","ping_status":"closed","sticky":false,"template":"","format":"standard","meta":[],"categories":[3839,3844,5951],"tags":[6042,5988],"_links":{"self":[{"href":"http:\/\/desarrollo.grupomedios.com\/futbol\/wp-json\/wp\/v2\/posts\/392421"}],"collection":[{"href":"http:\/\/desarrollo.grupomedios.com\/futbol\/wp-json\/wp\/v2\/posts"}],"about":[{"href":"http:\/\/desarrollo.grupomedios.com\/futbol\/wp-json\/wp\/v2\/types\/post"}],"author":[{"embeddable":true,"href":"http:\/\/desarrollo.grupomedios.com\/futbol\/wp-json\/wp\/v2\/users\/78"}],"replies":[{"embeddable":true,"href":"http:\/\/desarrollo.grupomedios.com\/futbol\/wp-json\/wp\/v2\/comments?post=392421"}],"version-history":[{"count":0,"href":"http:\/\/desarrollo.grupomedios.com\/futbol\/wp-json\/wp\/v2\/posts\/392421\/revisions"}],"wp:featuredmedia":[{"embeddable":true,"href":"http:\/\/desarrollo.grupomedios.com\/futbol\/wp-json\/wp\/v2\/media\/392424"}],"wp:attachment":[{"href":"http:\/\/desarrollo.grupomedios.com\/futbol\/wp-json\/wp\/v2\/media?parent=392421"}],"wp:term":[{"taxonomy":"category","embeddable":true,"href":"http:\/\/desarrollo.grupomedios.com\/futbol\/wp-json\/wp\/v2\/categories?post=392421"},{"taxonomy":"post_tag","embeddable":true,"href":"http:\/\/desarrollo.grupomedios.com\/futbol\/wp-json\/wp\/v2\/tags?post=392421"}],"curies":[{"name":"wp","href":"https:\/\/api.w.org\/{rel}","templated":true}]}}