{"id":392460,"date":"2016-04-28T10:07:56","date_gmt":"2016-04-28T16:07:56","guid":{"rendered":"http:\/\/www.futboltotal.com.mx\/?p=392460"},"modified":"2016-04-28T10:10:31","modified_gmt":"2016-04-28T16:10:31","slug":"nacho-ambriz-sin-certeza-ir-al-mundial-clubes-con-america","status":"publish","type":"post","link":"http:\/\/desarrollo.grupomedios.com\/futbol\/destacado-home\/nacho-ambriz-sin-certeza-ir-al-mundial-clubes-con-america\/2016\/04","title":{"rendered":"\u00a1Ambriz no asegura vuelo al Mundial de Clubes!"},"content":{"rendered":"<p>Nadie cre\u00eda en el \u00e9xito del <strong>Am\u00e9rica<\/strong> con <strong>Nacho Ambriz<\/strong> y en menos de un a\u00f1o con el club <strong><span style=\"color: #3366ff;\"><a style=\"color: #3366ff;\" href=\"http:\/\/www.futboltotal.com.mx\/2016\/04\/resultado-concachampions-america-2-1-tigres\/\">ya gan\u00f3 su primer trofeo<\/a><\/span><\/strong>. En el Centenario del club era lo menos que se exig\u00eda. Las aspiraciones son enormes y de no conseguir el t\u00edtulo de Liga MX, el estratega sabe que su empleo est\u00e1 en riesgo.<\/p>\n<p><a href=\"http:\/\/www.futboltotal.com.mx\/wp-content\/uploads\/2016\/04\/nacho-ambriz-america-mundial-de-clubes-frase.jpg\" rel=\"attachment wp-att-392465\"><img decoding=\"async\" loading=\"lazy\" class=\"alignnone wp-image-392465 size-full\" src=\"http:\/\/www.futboltotal.com.mx\/wp-content\/uploads\/2016\/04\/nacho-ambriz-america-mundial-de-clubes-frase.jpg\" alt=\"nacho-ambriz-america-mundial-de-clubes-frase\" srcset=\"http:\/\/desarrollo.grupomedios.com\/futbol\/wp-content\/uploads\/2016\/04\/nacho-ambriz-america-mundial-de-clubes-frase.jpg 820w, http:\/\/desarrollo.grupomedios.com\/futbol\/wp-content\/uploads\/2016\/04\/nacho-ambriz-america-mundial-de-clubes-frase-300x251.jpg 300w, http:\/\/desarrollo.grupomedios.com\/futbol\/wp-content\/uploads\/2016\/04\/nacho-ambriz-america-mundial-de-clubes-frase-768x643.jpg 768w\" sizes=\"(max-width: 820px) 100vw, 820px\" \/><\/a><\/p>\n<p>A finales del a\u00f1o pasado, justo en el <strong>Mundial de Clubes<\/strong>, su gesti\u00f3n fue muy criticada, sobre todo, porque <strong>Am\u00e9rica<\/strong> qued\u00f3 d\u00edas antes eliminado por Pumas en la Liguilla. Ahora con la revancha asegurada para diciembre, <strong>Nacho Ambriz<\/strong> es claro y asegura que duda de su continuidad.<\/p>\n<p style=\"text-align: center;\"><strong><span style=\"color: #3366ff;\"><a style=\"color: #3366ff;\" href=\"http:\/\/www.futboltotal.com.mx\/2016\/04\/pulido-se-burla-tigres\/\">LEER M\u00c1S: A Alan Pulido le salen alas<\/a><\/span><\/strong><\/p>\n<p>&#8220;No me libero, en el futbol, esta profesi\u00f3n de entrenador es el m\u00e1s criticado del mundo. Aqu\u00ed todos parece que saben m\u00e1s que yo y debo estar tranquilo y el trabajo da este producto&#8221;.<\/p>\n<p>\u201cYo no vine a ganarme a nadie, yo solo me dedico a trabajar y eso es lo que hago. Vine a trabajar con humildad y no a callar bocas, s\u00f3lo a convencer a mi equipo con humildad y esto es producto del trabajo de todos&#8221;, agreg\u00f3 el estratega en la rueda de prensa posterior al partido.<\/p>\n<p><strong>Ambriz<\/strong> espera que esta no sea la \u00fanica fiesta que tenga el Am\u00e9rica en el a\u00f1o de su centenario, pues desea volver a levantar un t\u00edtulo en este 2016.<\/p>\n<p>\u201cQuedan muchas fiestas, pero s\u00e9 que cuando el equipo se tuerce es normal las cr\u00edticas, pero quiero dar m\u00e1s fiestas a este club\u201d, coment\u00f3 el timonel.<\/p>\n<p><span style=\"color: #ff0000;\"><strong>VIDEO<\/strong>: La historia de&#8230; <em>Nacho<\/em> Ambriz<\/span><\/p>\n<p>[video_player]https:\/\/player.vimeo.com\/external\/164489444.sd.mp4?s=f9ab021260c002d8a43457bd6444b6588ab998b2&amp;profile_id=165[\/video_player]<\/p>\n","protected":false},"excerpt":{"rendered":"<p>El estratega del Am\u00e9rica confes\u00f3 que su continuidad depende de \u00e9xitos <\/p>\n","protected":false},"author":20,"featured_media":392467,"comment_status":"closed","ping_status":"closed","sticky":false,"template":"","format":"standard","meta":[],"categories":[5398,5,2198],"tags":[5959,511,415],"_links":{"self":[{"href":"http:\/\/desarrollo.grupomedios.com\/futbol\/wp-json\/wp\/v2\/posts\/392460"}],"collection":[{"href":"http:\/\/desarrollo.grupomedios.com\/futbol\/wp-json\/wp\/v2\/posts"}],"about":[{"href":"http:\/\/desarrollo.grupomedios.com\/futbol\/wp-json\/wp\/v2\/types\/post"}],"author":[{"embeddable":true,"href":"http:\/\/desarrollo.grupomedios.com\/futbol\/wp-json\/wp\/v2\/users\/20"}],"replies":[{"embeddable":true,"href":"http:\/\/desarrollo.grupomedios.com\/futbol\/wp-json\/wp\/v2\/comments?post=392460"}],"version-history":[{"count":0,"href":"http:\/\/desarrollo.grupomedios.com\/futbol\/wp-json\/wp\/v2\/posts\/392460\/revisions"}],"wp:featuredmedia":[{"embeddable":true,"href":"http:\/\/desarrollo.grupomedios.com\/futbol\/wp-json\/wp\/v2\/media\/392467"}],"wp:attachment":[{"href":"http:\/\/desarrollo.grupomedios.com\/futbol\/wp-json\/wp\/v2\/media?parent=392460"}],"wp:term":[{"taxonomy":"category","embeddable":true,"href":"http:\/\/desarrollo.grupomedios.com\/futbol\/wp-json\/wp\/v2\/categories?post=392460"},{"taxonomy":"post_tag","embeddable":true,"href":"http:\/\/desarrollo.grupomedios.com\/futbol\/wp-json\/wp\/v2\/tags?post=392460"}],"curies":[{"name":"wp","href":"https:\/\/api.w.org\/{rel}","templated":true}]}}