{"id":392487,"date":"2016-04-28T11:29:27","date_gmt":"2016-04-28T17:29:27","guid":{"rendered":"http:\/\/www.futboltotal.com.mx\/?p=392487"},"modified":"2016-04-28T11:29:27","modified_gmt":"2016-04-28T17:29:27","slug":"valbuena-agredio-a-aficionado","status":"publish","type":"post","link":"http:\/\/desarrollo.grupomedios.com\/futbol\/futbol-internacional\/valbuena-agredio-a-aficionado\/2016\/04","title":{"rendered":"El nuevo esc\u00e1ndalo de Mathieu Valbuena"},"content":{"rendered":"<p><strong>Mathieu Valbuena<\/strong> atac\u00f3 a un aficionado que lo se\u00f1al\u00f3 como el culpable de la <a href=\"http:\/\/www.futboltotal.com.mx\/2016\/04\/benzema-confirma-estara-en-la-eurocopa\/\" target=\"_blank\">ausencia de <strong>Karim Benzema<\/strong> de la Selecci\u00f3n Francesa que participar\u00e1 en la pr\u00f3xima Eurocopa<\/a>.<\/p>\n<p>\u201cVes, esa es la persona culpable de que <strong>Karim Benzema<\/strong> no juegue la Eurocopa\u201d, dijo el aficionado mientras grababa con su celular. El comentario hizo clara alusi\u00f3n al conflicto que sostiene <strong>Valbuena<\/strong> con el jugador del Madrid luego de que intentara extorsionarlo por un supuesto video sexual en el que particip\u00f3 el futbolista del Lyon.<\/p>\n<p style=\"text-align: center;\"><span style=\"color: #3366ff;\"><strong><a style=\"color: #3366ff;\" href=\"http:\/\/www.futboltotal.com.mx\/2015\/12\/benzema-sin-rencores-a-valbuena\/\">LEER M\u00c1S: Benzema, sin rencores a Valbuena<\/a><\/strong><\/span><\/p>\n<p>Tras escuchar las acusaciones, <strong>Mathieu Valbuena<\/strong> le arrebat\u00f3 el celular al aficionado y luego lo lanz\u00f3 al suelo, seg\u00fan revel\u00f3 este jueves la revista francesa <em>France Football<\/em>.<\/p>\n<p>&#8220;Estaba enrabietado como un pitbull, tuvo que ser sujetado por agentes de seguridad\u2026 me ha creado un trauma. Desde entonces no puedo dormir. Mi m\u00e9dico me ha aumentado los antidepresivos que ya tomaba&#8221;, se\u00f1al\u00f3 el aficionado.<\/p>\n<p style=\"text-align: center;\"><span style=\"color: #3366ff;\"><strong><a style=\"color: #3366ff;\" href=\"http:\/\/www.futboltotal.com.mx\/2016\/04\/la-frustracion-chicharito\/\">LEER M\u00c1S: \u00a1La frustraci\u00f3n de Chicharito!<\/a><\/strong><\/span><\/p>\n<p>Cabe apuntar que el incidente sucedi\u00f3 el pasado viernes 22 de abril, cuando los jugadores del Lyon llegaron al aeropuerto de Toulouse. Al d\u00eda siguiente, el aficionado present\u00f3 una denuncia ante la polic\u00eda por la agresi\u00f3n y la rotura de su tel\u00e9fono.<\/p>\n","protected":false},"excerpt":{"rendered":"<p>Lo culpan de la ausencia de Benzema y reaccion\u00f3 de manera violenta<\/p>\n","protected":false},"author":20,"featured_media":392489,"comment_status":"closed","ping_status":"closed","sticky":false,"template":"","format":"standard","meta":[],"categories":[3839],"tags":[1961],"_links":{"self":[{"href":"http:\/\/desarrollo.grupomedios.com\/futbol\/wp-json\/wp\/v2\/posts\/392487"}],"collection":[{"href":"http:\/\/desarrollo.grupomedios.com\/futbol\/wp-json\/wp\/v2\/posts"}],"about":[{"href":"http:\/\/desarrollo.grupomedios.com\/futbol\/wp-json\/wp\/v2\/types\/post"}],"author":[{"embeddable":true,"href":"http:\/\/desarrollo.grupomedios.com\/futbol\/wp-json\/wp\/v2\/users\/20"}],"replies":[{"embeddable":true,"href":"http:\/\/desarrollo.grupomedios.com\/futbol\/wp-json\/wp\/v2\/comments?post=392487"}],"version-history":[{"count":0,"href":"http:\/\/desarrollo.grupomedios.com\/futbol\/wp-json\/wp\/v2\/posts\/392487\/revisions"}],"wp:featuredmedia":[{"embeddable":true,"href":"http:\/\/desarrollo.grupomedios.com\/futbol\/wp-json\/wp\/v2\/media\/392489"}],"wp:attachment":[{"href":"http:\/\/desarrollo.grupomedios.com\/futbol\/wp-json\/wp\/v2\/media?parent=392487"}],"wp:term":[{"taxonomy":"category","embeddable":true,"href":"http:\/\/desarrollo.grupomedios.com\/futbol\/wp-json\/wp\/v2\/categories?post=392487"},{"taxonomy":"post_tag","embeddable":true,"href":"http:\/\/desarrollo.grupomedios.com\/futbol\/wp-json\/wp\/v2\/tags?post=392487"}],"curies":[{"name":"wp","href":"https:\/\/api.w.org\/{rel}","templated":true}]}}