{"id":392500,"date":"2016-04-28T13:58:33","date_gmt":"2016-04-28T19:58:33","guid":{"rendered":"http:\/\/www.futboltotal.com.mx\/?p=392500"},"modified":"2016-04-28T13:58:33","modified_gmt":"2016-04-28T19:58:33","slug":"10-cosas-querias-saber-diego-simeone","status":"publish","type":"post","link":"http:\/\/desarrollo.grupomedios.com\/futbol\/videos\/10-cosas-querias-saber-diego-simeone\/2016\/04","title":{"rendered":"10 cosas que quer\u00edas saber sobre Diego Simeone"},"content":{"rendered":"<p><strong>Diego Pablo Simeone<\/strong> (28 de abril de 1970, Buenos Aires, Argentina) es el art\u00edfice del renacer del Atl\u00e9tico de Madrid como uno de los poderosos de Espa\u00f1a. Ya no solo se habla de Barcelona o Real Madrid, en 2014 consigui\u00f3 junto a sus guerrerros rojiblanco lo impensado, arrebat\u00e1ndolo una Liga a merengues y blaugranas tras m\u00e1s de una d\u00e9cada de completa alternancia.<\/p>\n<p>Ese mismo a\u00f1o, se qued\u00f3 a instantes de ganar la Champions League ante el rival citadino, Real Madrid, pero, cosas del destino, en el presente curso podr\u00eda conseguir el doblete que se le neg\u00f3. Este 28 de abril el <strong>Cholo Simeone<\/strong> cumple 46 a\u00f1os y podr\u00edamos abordar los mismos instantes sobre su enorme trayectoria, ya sea como futbolista o estratega, pero mejor dejamos para ti las <strong>10 cosas que quer\u00edas saber sobre Diego Simeone<\/strong>.<\/p>\n<p>[video_player]https:\/\/player.vimeo.com\/external\/164615894.hd.mp4?s=d9599db86bebeca90834ae37c2a49133c1cd4902&amp;profile_id=174[\/video_player]<\/p>\n","protected":false},"excerpt":{"rendered":"<p>El gestor de un Atletico de ensue\u00f1o es repasado al estilo Futbol Total <\/p>\n","protected":false},"author":20,"featured_media":392529,"comment_status":"closed","ping_status":"closed","sticky":false,"template":"","format":"standard","meta":[],"categories":[3839,6384,3844,4],"tags":[5689,6007,1384],"_links":{"self":[{"href":"http:\/\/desarrollo.grupomedios.com\/futbol\/wp-json\/wp\/v2\/posts\/392500"}],"collection":[{"href":"http:\/\/desarrollo.grupomedios.com\/futbol\/wp-json\/wp\/v2\/posts"}],"about":[{"href":"http:\/\/desarrollo.grupomedios.com\/futbol\/wp-json\/wp\/v2\/types\/post"}],"author":[{"embeddable":true,"href":"http:\/\/desarrollo.grupomedios.com\/futbol\/wp-json\/wp\/v2\/users\/20"}],"replies":[{"embeddable":true,"href":"http:\/\/desarrollo.grupomedios.com\/futbol\/wp-json\/wp\/v2\/comments?post=392500"}],"version-history":[{"count":0,"href":"http:\/\/desarrollo.grupomedios.com\/futbol\/wp-json\/wp\/v2\/posts\/392500\/revisions"}],"wp:featuredmedia":[{"embeddable":true,"href":"http:\/\/desarrollo.grupomedios.com\/futbol\/wp-json\/wp\/v2\/media\/392529"}],"wp:attachment":[{"href":"http:\/\/desarrollo.grupomedios.com\/futbol\/wp-json\/wp\/v2\/media?parent=392500"}],"wp:term":[{"taxonomy":"category","embeddable":true,"href":"http:\/\/desarrollo.grupomedios.com\/futbol\/wp-json\/wp\/v2\/categories?post=392500"},{"taxonomy":"post_tag","embeddable":true,"href":"http:\/\/desarrollo.grupomedios.com\/futbol\/wp-json\/wp\/v2\/tags?post=392500"}],"curies":[{"name":"wp","href":"https:\/\/api.w.org\/{rel}","templated":true}]}}