{"id":392539,"date":"2016-04-28T14:55:22","date_gmt":"2016-04-28T20:55:22","guid":{"rendered":"http:\/\/www.futboltotal.com.mx\/?p=392539"},"modified":"2016-04-28T14:58:20","modified_gmt":"2016-04-28T20:58:20","slug":"escalofriante-lesion-krohn-dehli-sevilla","status":"publish","type":"post","link":"http:\/\/desarrollo.grupomedios.com\/futbol\/videos\/escalofriante-lesion-krohn-dehli-sevilla\/2016\/04","title":{"rendered":"Escalofriante lesi\u00f3n de Krohn Dehli con Sevilla"},"content":{"rendered":"<p>En el jueves de Europa League, <strong>Shakhtar Dontesk<\/strong> y <strong>Sevilla<\/strong> regalaron un duelo especial, con muchos goles y varias emociones, sin embargo, el momento que se llev\u00f3 la noche fue uno muy triste: la escalofriante lesi\u00f3n de <strong>Krohn Dehli<\/strong>, futbolista dan\u00e9s que ten\u00eda escasos minutos en el campo y tuvo que abandonar por una terrible lesi\u00f3n en la rodilla.<\/p>\n<blockquote class=\"twitter-tweet\" data-lang=\"es\">\n<p dir=\"ltr\" lang=\"es\">Se marcha lesionado Krohn-Dehli. Se le fue la rodilla izquierda.<br \/>\nSHA 2-1 SEV<a href=\"https:\/\/twitter.com\/hashtag\/beINUEL?src=hash\">#beINUEL<\/a> <a href=\"https:\/\/t.co\/I3ZqnEvgOb\">pic.twitter.com\/I3ZqnEvgOb<\/a><\/p>\n<p>\u2014 beIN SPORTS ESPA\u00d1A (@beINSPORTSes) <a href=\"https:\/\/twitter.com\/beINSPORTSes\/status\/725785487907143685\">28 de abril de 2016<\/a><\/p><\/blockquote>\n<p><script src=\"\/\/platform.twitter.com\/widgets.js\" async=\"\" charset=\"utf-8\"><\/script><\/p>\n<p>Fue tan horrorosa la lesi\u00f3n de <strong>Krohn Dehli<\/strong> que en la transmisi\u00f3n de la UEFA decidieron pasar solo en una ocasi\u00f3n la repetici\u00f3n, porque son im\u00e1genes que pueden ser shockeantes. Aqu\u00ed el video:\u00a0<\/p>\n<blockquote class=\"twitter-tweet\" data-lang=\"es\"><p>\nTerrible lesi\u00f3n en la rodilla de Krohn Dehli <a href=\"https:\/\/twitter.com\/hashtag\/Sevilla?src=hash\">#Sevilla<\/a> <a href=\"https:\/\/twitter.com\/hashtag\/UEFAEuropaLeague?src=hash\">#UEFAEuropaLeague<\/a> <a href=\"https:\/\/t.co\/7N6Vzge3zN\">pic.twitter.com\/7N6Vzge3zN<\/a><\/p>\n<p>\u2014 Lautaro Mauro (@lautaromauro) <a href=\"https:\/\/twitter.com\/lautaromauro\/status\/725785934910898177\">28 de abril de 2016<\/a>\n<\/p><\/blockquote>\n<p><script src=\"\/\/platform.twitter.com\/widgets.js\" async=\"\" charset=\"utf-8\"><\/script><\/p>\n","protected":false},"excerpt":{"rendered":"<p>La Europa League cont\u00f3 con una situaci\u00f3n muy desafortunada para el dan\u00e9s <\/p>\n","protected":false},"author":20,"featured_media":392547,"comment_status":"closed","ping_status":"closed","sticky":false,"template":"","format":"standard","meta":[],"categories":[3857,3839,4],"tags":[516,7045,49],"_links":{"self":[{"href":"http:\/\/desarrollo.grupomedios.com\/futbol\/wp-json\/wp\/v2\/posts\/392539"}],"collection":[{"href":"http:\/\/desarrollo.grupomedios.com\/futbol\/wp-json\/wp\/v2\/posts"}],"about":[{"href":"http:\/\/desarrollo.grupomedios.com\/futbol\/wp-json\/wp\/v2\/types\/post"}],"author":[{"embeddable":true,"href":"http:\/\/desarrollo.grupomedios.com\/futbol\/wp-json\/wp\/v2\/users\/20"}],"replies":[{"embeddable":true,"href":"http:\/\/desarrollo.grupomedios.com\/futbol\/wp-json\/wp\/v2\/comments?post=392539"}],"version-history":[{"count":0,"href":"http:\/\/desarrollo.grupomedios.com\/futbol\/wp-json\/wp\/v2\/posts\/392539\/revisions"}],"wp:featuredmedia":[{"embeddable":true,"href":"http:\/\/desarrollo.grupomedios.com\/futbol\/wp-json\/wp\/v2\/media\/392547"}],"wp:attachment":[{"href":"http:\/\/desarrollo.grupomedios.com\/futbol\/wp-json\/wp\/v2\/media?parent=392539"}],"wp:term":[{"taxonomy":"category","embeddable":true,"href":"http:\/\/desarrollo.grupomedios.com\/futbol\/wp-json\/wp\/v2\/categories?post=392539"},{"taxonomy":"post_tag","embeddable":true,"href":"http:\/\/desarrollo.grupomedios.com\/futbol\/wp-json\/wp\/v2\/tags?post=392539"}],"curies":[{"name":"wp","href":"https:\/\/api.w.org\/{rel}","templated":true}]}}