{"id":392702,"date":"2016-04-29T08:15:42","date_gmt":"2016-04-29T14:15:42","guid":{"rendered":"http:\/\/www.futboltotal.com.mx\/?p=392702"},"modified":"2016-04-29T08:15:42","modified_gmt":"2016-04-29T14:15:42","slug":"nos-lo-dejan-baratito-luis-enrique-totti","status":"publish","type":"post","link":"http:\/\/desarrollo.grupomedios.com\/futbol\/futbol-internacional\/nos-lo-dejan-baratito-luis-enrique-totti\/2016\/04","title":{"rendered":"Luis Enrique quiere a una leyenda &#8220;si lo dejan baratito&#8230;&#8221;"},"content":{"rendered":"<p>La conferencia de prensa de <strong>Luis Enrique<\/strong> previo al partido trascendental en el que <strong>Barcelona<\/strong> visitar\u00e1 al Betis,<strong><span style=\"color: #3366ff;\"><a style=\"color: #3366ff;\" href=\"http:\/\/www.futboltotal.com.mx\/2016\/04\/en-vivo-la-liga-espana-al-momento\/\"> a solo tres jornadas del final <\/a><\/span><\/strong>y empatado en puntos con Atl\u00e9tico y uno por encima del Real Madrid en la lucha por la Liga, tuvo de todo, inclusive, habl\u00f3 de <strong>Francesco Totti<\/strong>, futbolista que en el pasado tuvo y a quien en el futuro le agradar\u00eda tener en su plantilla.<\/p>\n<p>&#8220;Si nos lo dejan baratito&#8230;. Francesco es historia viva de la Roma y me gustar\u00eda que acabase all\u00ed su carrera. Con la calidad que tiene podr\u00eda jugar donde quiera, pero merece acabar all\u00ed\u201d, indic\u00f3 ante una cuesti\u00f3n del reportero por abrirle las puertas a Il Capitano.<\/p>\n<p>Ya sobre lo que respecta al t\u00edtulo que tiene el <strong>Barcelona<\/strong> en la mira, <strong>Luis Enrique<\/strong> confes\u00f3 que est\u00e1n en las condiciones ideales para ganar los partidos restantes y de esa manera coronarse.<\/p>\n<p>&#8220;Llegamos muy bien. Fue diferente a las habituales en las que tuvimos m\u00e1s descanso y sesiones intensas. Vamos con muy buenas sensaciones, aunque reconociendo situaciones complicadas, y m\u00e1s fuera de casa. En nuestra hoja de ruta nunca nos planteamos perder puntos, pero este deporte es as\u00ed. No le llamar\u00eda crisis a lo que vivimos, pero s\u00ed que fueron tres partidos en el que nos falt\u00f3 fluidez, no tuvimos suerte, etc\u2026 Cuantos m\u00e1s puntos de presi\u00f3n haya, m\u00e1s complicado ser\u00e1\u201d.<\/p>\n<p style=\"text-align: center;\"><strong><span style=\"color: #3366ff;\"><a style=\"color: #3366ff;\" href=\"http:\/\/www.futboltotal.com.mx\/2016\/04\/en-vivo-la-liga-espana-al-momento\/\">LEER M\u00c1S: Sigue a detalle la definici\u00f3n de la Liga<\/a><\/span><\/strong><\/p>\n<p>El estratega del <strong>Barcelona<\/strong> se\u00f1al\u00f3 que el Betis es el equipo m\u00e1s complicado a su parecer de los tres que restan, sin demeritar al resto.<\/p>\n<p>\u201cCon la llegada de Merino le dio la vuelta a la situaci\u00f3n deportiva. Tienen desborde arriba y gol. No se complican el juego directo de inicio. El p\u00fablico siempre es favorable al rival, pero no van a cambiar para nada nuestro planteamiento. El que est\u00e9n salvados les puede servir de est\u00edmulo, pero tenemos la obligaci\u00f3n de ganar el partido. Habr\u00edamos preferido jugar cada tres d\u00edas, pero no pudo ser despu\u00e9s de dos semanas en las que no estuvimos acertados y perdimos puntos\u201d, coment\u00f3 <strong>Luis Enrique<\/strong>.<\/p>\n<p>Y ahora sus metas son claras: ganar el doblete. &#8220;Comenzamos con la intenci\u00f3n de ganarlo todo y ahora aspiramos a Liga y Copa. Sab\u00edamos de la dificultad de repetir, pero vamos a por lo que queda. Cada uno de los rivales que haga lo que quiera. Sabemos de la dificultad de ser jugador y entrenador del Bar\u00e7a&#8221;. Y a\u00f1adi\u00f3: &#8220;Si lo cre\u00eda a principio de temporada imag\u00ednense ahora. El equipo se ejercit\u00f3 muy bien y comidas hacemos a menudo, cuando la situaci\u00f3n de calendario lo permite&#8221;.<\/p>\n","protected":false},"excerpt":{"rendered":"<p>El estratega habl\u00f3 sobre el futuro del 10 de la Roma <\/p>\n","protected":false},"author":20,"featured_media":392704,"comment_status":"closed","ping_status":"closed","sticky":false,"template":"","format":"standard","meta":[],"categories":[3839,3844,5951],"tags":[5984,2619,4051],"_links":{"self":[{"href":"http:\/\/desarrollo.grupomedios.com\/futbol\/wp-json\/wp\/v2\/posts\/392702"}],"collection":[{"href":"http:\/\/desarrollo.grupomedios.com\/futbol\/wp-json\/wp\/v2\/posts"}],"about":[{"href":"http:\/\/desarrollo.grupomedios.com\/futbol\/wp-json\/wp\/v2\/types\/post"}],"author":[{"embeddable":true,"href":"http:\/\/desarrollo.grupomedios.com\/futbol\/wp-json\/wp\/v2\/users\/20"}],"replies":[{"embeddable":true,"href":"http:\/\/desarrollo.grupomedios.com\/futbol\/wp-json\/wp\/v2\/comments?post=392702"}],"version-history":[{"count":0,"href":"http:\/\/desarrollo.grupomedios.com\/futbol\/wp-json\/wp\/v2\/posts\/392702\/revisions"}],"wp:featuredmedia":[{"embeddable":true,"href":"http:\/\/desarrollo.grupomedios.com\/futbol\/wp-json\/wp\/v2\/media\/392704"}],"wp:attachment":[{"href":"http:\/\/desarrollo.grupomedios.com\/futbol\/wp-json\/wp\/v2\/media?parent=392702"}],"wp:term":[{"taxonomy":"category","embeddable":true,"href":"http:\/\/desarrollo.grupomedios.com\/futbol\/wp-json\/wp\/v2\/categories?post=392702"},{"taxonomy":"post_tag","embeddable":true,"href":"http:\/\/desarrollo.grupomedios.com\/futbol\/wp-json\/wp\/v2\/tags?post=392702"}],"curies":[{"name":"wp","href":"https:\/\/api.w.org\/{rel}","templated":true}]}}