{"id":393187,"date":"2016-05-01T09:36:29","date_gmt":"2016-05-01T15:36:29","guid":{"rendered":"http:\/\/www.futboltotal.com.mx\/?p=393187"},"modified":"2016-05-01T09:36:29","modified_gmt":"2016-05-01T15:36:29","slug":"checo-perez-suma-sus-primeros-puntos","status":"publish","type":"post","link":"http:\/\/desarrollo.grupomedios.com\/futbol\/no-todo-es-futbol\/checo-perez-suma-sus-primeros-puntos\/2016\/05","title":{"rendered":"Checo P\u00e9rez suma sus primeros puntos"},"content":{"rendered":"<p>El piloto mexicano <b>Sergio P\u00e9rez<\/b>, quien cumpl\u00eda 100 carreras en <b>F\u00f3rmula 1<\/b>, sum\u00f3 sus primeros puntos de la temporada tras concluir en el noveno sitio en el <b>Gran Premio de Rusia<\/b>, que fue conquistado por el alem\u00e1n Nico Rosberg.<\/p>\n<p><b>Checo P\u00e9rez<\/b>, piloto\u00a0 de Force India, sali\u00f3 en la sexta plaza, pero sufri\u00f3 un toque en la primera vuelta y se qued\u00f3 sin un neum\u00e1tico, por lo que debi\u00f3 remar contracorriente en Sochi, pues por momentos estuvo fuera de la zona de puntos.<\/p>\n<blockquote class=\"twitter-tweet\" data-lang=\"es\">\n<p dir=\"ltr\" lang=\"und\"><a href=\"https:\/\/t.co\/BfaF0YjRCY\">https:\/\/t.co\/BfaF0YjRCY<\/a> <a href=\"https:\/\/twitter.com\/hashtag\/checo100?src=hash\">#checo100<\/a> <a href=\"https:\/\/t.co\/5TbFGYm0FV\">pic.twitter.com\/5TbFGYm0FV<\/a><\/p>\n<p>\u2014 Sergio P\u00e9rez (@SChecoPerez) <a href=\"https:\/\/twitter.com\/SChecoPerez\/status\/725770508139040768\">28 de abril de 2016<\/a><\/p><\/blockquote>\n<p><script src=\"\/\/platform.twitter.com\/widgets.js\" async=\"\" charset=\"utf-8\"><\/script><\/p>\n<p>Poco a poco remont\u00f3 y logr\u00f3 meterse entre los 10 primeros, y aunque\u00a0<b>Checo P\u00e9rez<\/b> presion\u00f3 de manera constante en los \u00faltimos giros al franc\u00e9s Romain Grosjean (Haas) para luchar por el octavo sitio, no pudo y debi\u00f3 conformarse con la novena plaza y sus primeros dos puntos del a\u00f1o.<\/p>\n<p>En tanto, el tambi\u00e9n mexicano Esteban Guti\u00e9rrez, de la escuder\u00eda Hass, termin\u00f3 en la posici\u00f3n 17, con lo cual complet\u00f3 su segunda carrera del a\u00f1o, aunque no de la forma esperada, pues fue un sitio atr\u00e1s respecto al de largada.<\/p>\n<p style=\"text-align: center;\"><span style=\"color: #3366ff;\"><strong><a style=\"color: #3366ff;\" href=\"http:\/\/www.futboltotal.com.mx\/2016\/04\/mexicanos-historia-en-la-formula-1\/\">LEER M\u00c1S: Mexicanos hacen historia en la F\u00f3rmula 1<\/a><\/strong><\/span><\/p>\n<p><span style=\"color: #ff0000;\">Nadie detiene a Rosberg<\/span> | <b>Nico Rosberg<\/b> tuvo un d\u00eda de campo en Sochi para ganar su cuarta carrera del a\u00f1o. El piloto alem\u00e1n de Mercedes sum\u00f3 su cuarta victoria de la temporada en el <b>GP de Rusia<\/b>, que signific\u00f3 su s\u00e9ptimo triunfo en fila en la <strong>F\u00f3rmula 1<\/strong>, empatando la segunda mayor racha de \u00e9xitos, de Alberto Ascari (1952 y 1953) y Michael Schumacher (2004).\u00a0La marca es de nueve, de Sebastian Vettel (2013).<\/p>\n","protected":false},"excerpt":{"rendered":"<p>El piloto mexicano corri\u00f3 su carrera n\u00famero 100 en F1<\/p>\n","protected":false},"author":20,"featured_media":393189,"comment_status":"closed","ping_status":"closed","sticky":false,"template":"","format":"standard","meta":[],"categories":[5810,5418,6411],"tags":[5480,6412,5493],"_links":{"self":[{"href":"http:\/\/desarrollo.grupomedios.com\/futbol\/wp-json\/wp\/v2\/posts\/393187"}],"collection":[{"href":"http:\/\/desarrollo.grupomedios.com\/futbol\/wp-json\/wp\/v2\/posts"}],"about":[{"href":"http:\/\/desarrollo.grupomedios.com\/futbol\/wp-json\/wp\/v2\/types\/post"}],"author":[{"embeddable":true,"href":"http:\/\/desarrollo.grupomedios.com\/futbol\/wp-json\/wp\/v2\/users\/20"}],"replies":[{"embeddable":true,"href":"http:\/\/desarrollo.grupomedios.com\/futbol\/wp-json\/wp\/v2\/comments?post=393187"}],"version-history":[{"count":0,"href":"http:\/\/desarrollo.grupomedios.com\/futbol\/wp-json\/wp\/v2\/posts\/393187\/revisions"}],"wp:featuredmedia":[{"embeddable":true,"href":"http:\/\/desarrollo.grupomedios.com\/futbol\/wp-json\/wp\/v2\/media\/393189"}],"wp:attachment":[{"href":"http:\/\/desarrollo.grupomedios.com\/futbol\/wp-json\/wp\/v2\/media?parent=393187"}],"wp:term":[{"taxonomy":"category","embeddable":true,"href":"http:\/\/desarrollo.grupomedios.com\/futbol\/wp-json\/wp\/v2\/categories?post=393187"},{"taxonomy":"post_tag","embeddable":true,"href":"http:\/\/desarrollo.grupomedios.com\/futbol\/wp-json\/wp\/v2\/tags?post=393187"}],"curies":[{"name":"wp","href":"https:\/\/api.w.org\/{rel}","templated":true}]}}