{"id":393192,"date":"2016-05-01T10:19:33","date_gmt":"2016-05-01T16:19:33","guid":{"rendered":"http:\/\/www.futboltotal.com.mx\/?p=393192"},"modified":"2016-05-01T10:19:33","modified_gmt":"2016-05-01T16:19:33","slug":"van-gaal-dejara-dt-del-united","status":"publish","type":"post","link":"http:\/\/desarrollo.grupomedios.com\/futbol\/futbol-internacional\/van-gaal-dejara-dt-del-united\/2016\/05","title":{"rendered":"Van Gaal no dejar\u00e1 de ser DT del United"},"content":{"rendered":"<p><b>Louis van Gaal<\/b> asegur\u00f3 que seguir\u00e1 al frente de la direcci\u00f3n t\u00e9cnica del <b>Manchester United<\/b> en la pr\u00f3xima campa\u00f1a. La brava reacci\u00f3n del t\u00e9cnico holand\u00e9s llega ante los rumores que apuntan a su inminente cese y <a href=\"http:\/\/www.futboltotal.com.mx\/2016\/04\/mourinho-nuevo-dt-del-manchester-united\/\" target=\"_blank\">la llegada del portugu\u00e9s Jos\u00e9 Mourinho al banquillo de los <i>Red Devils<\/i><\/a>.<\/p>\n<p>&#8220;S\u00e9 que ser\u00e1 as\u00ed, es para lo que me contrataron y lo hemos hablado&#8221;, dijo <b>Van Gaal<\/b> este domingo, <a href=\"http:\/\/www.futboltotal.com.mx\/2016\/05\/titulo-del-leicester-tendra-esperar\/\" target=\"_blank\">tras el empate ante Leicester<\/a>.<\/p>\n<p style=\"text-align: center;\"><span style=\"color: #3366ff;\"><strong><a style=\"color: #3366ff;\" href=\"http:\/\/www.futboltotal.com.mx\/2016\/01\/el-simpatico-senor-van-gaal\/\">LEER M\u00c1S: El simp\u00e1tico se\u00f1or Van Gaal<\/a><\/strong><\/span><\/p>\n<p>&#8220;Sab\u00edamos desde el principio que era un proyecto para tres a\u00f1os. Yo solo quer\u00eda firmar dos a\u00f1os, pero el club quiso que fueran tres. Firm\u00e9 tres a\u00f1os as\u00ed que me ver\u00e1n aqu\u00ed el a\u00f1o que viene&#8221;, sentenci\u00f3 el pol\u00e9mico entrenador holand\u00e9s.<\/p>\n<p>Actualmente, el <b>Manchester United<\/b> ocupa la quinta posici\u00f3n de la <i>Liga Premier<\/i>, fuera de plaza de Champions. Tal situaci\u00f3n juega en contra de <b>Louis van Gaal<\/b>, pese a los dos a\u00f1os que a\u00fan tiene de contrato.<\/p>\n","protected":false},"excerpt":{"rendered":"<p>\u201cFirm\u00e9 tres a\u00f1os as\u00ed que me ver\u00e1n aqu\u00ed el a\u00f1o que viene&#8221;<\/p>\n","protected":false},"author":20,"featured_media":393196,"comment_status":"closed","ping_status":"closed","sticky":false,"template":"","format":"standard","meta":[],"categories":[3839,3846,5951],"tags":[43,5198],"_links":{"self":[{"href":"http:\/\/desarrollo.grupomedios.com\/futbol\/wp-json\/wp\/v2\/posts\/393192"}],"collection":[{"href":"http:\/\/desarrollo.grupomedios.com\/futbol\/wp-json\/wp\/v2\/posts"}],"about":[{"href":"http:\/\/desarrollo.grupomedios.com\/futbol\/wp-json\/wp\/v2\/types\/post"}],"author":[{"embeddable":true,"href":"http:\/\/desarrollo.grupomedios.com\/futbol\/wp-json\/wp\/v2\/users\/20"}],"replies":[{"embeddable":true,"href":"http:\/\/desarrollo.grupomedios.com\/futbol\/wp-json\/wp\/v2\/comments?post=393192"}],"version-history":[{"count":0,"href":"http:\/\/desarrollo.grupomedios.com\/futbol\/wp-json\/wp\/v2\/posts\/393192\/revisions"}],"wp:featuredmedia":[{"embeddable":true,"href":"http:\/\/desarrollo.grupomedios.com\/futbol\/wp-json\/wp\/v2\/media\/393196"}],"wp:attachment":[{"href":"http:\/\/desarrollo.grupomedios.com\/futbol\/wp-json\/wp\/v2\/media?parent=393192"}],"wp:term":[{"taxonomy":"category","embeddable":true,"href":"http:\/\/desarrollo.grupomedios.com\/futbol\/wp-json\/wp\/v2\/categories?post=393192"},{"taxonomy":"post_tag","embeddable":true,"href":"http:\/\/desarrollo.grupomedios.com\/futbol\/wp-json\/wp\/v2\/tags?post=393192"}],"curies":[{"name":"wp","href":"https:\/\/api.w.org\/{rel}","templated":true}]}}