{"id":393208,"date":"2016-05-01T10:19:24","date_gmt":"2016-05-01T16:19:24","guid":{"rendered":"http:\/\/www.futboltotal.com.mx\/?p=393208"},"modified":"2016-05-01T11:22:38","modified_gmt":"2016-05-01T17:22:38","slug":"se-acabo-la-titularidad-memo-ochoa","status":"publish","type":"post","link":"http:\/\/desarrollo.grupomedios.com\/futbol\/destacado-home\/se-acabo-la-titularidad-memo-ochoa\/2016\/05","title":{"rendered":"\u00bfSe acab\u00f3 la titularidad para Memo Ochoa?"},"content":{"rendered":"<p>El portero camerun\u00e9s <strong>Carlos Kameni<\/strong> regres\u00f3 a la convocatoria del <strong>M\u00e1laga<\/strong>, despu\u00e9s de permanecer fuera de ella cerca de dos meses por una lesi\u00f3n. Y con ello, peligra la titularidad de <strong>Memo Ochoa<\/strong> en la caba\u00f1a de los <em>boquerones<\/em>.<\/p>\n<p>El portero camerun\u00e9s estar\u00e1 disponible para el encuentro ante Levante, a disputarse este lunes en La Rosaleda y correspondiente a la jornada 36 de la Liga de Espa\u00f1a.<\/p>\n<blockquote class=\"twitter-tweet\" data-lang=\"es\">\n<p dir=\"ltr\" lang=\"es\">CONVOCATORIA| Estos son los 18 jugadores citados para el <a href=\"https:\/\/twitter.com\/hashtag\/MCFvLUD?src=hash\">#MCFvLUD<\/a> <a href=\"https:\/\/t.co\/S5rdaSRX55\">pic.twitter.com\/S5rdaSRX55<\/a><\/p>\n<p>\u2014 M\u00e1laga CF (@MalagaCF) <a href=\"https:\/\/twitter.com\/MalagaCF\/status\/726741055610183680\">1 de mayo de 2016<\/a><\/p><\/blockquote>\n<p><script src=\"\/\/platform.twitter.com\/widgets.js\" async=\"\" charset=\"utf-8\"><\/script><\/p>\n<p>El estratega Javi Gracia deber\u00e1 decidir si <strong>Carlos Kameni<\/strong> regresa a la titularidad o mantiene la confianza en <strong>Memo Ochoa<\/strong>, quien hasta el momento ha disputado ocho encuentros en la liga espa\u00f1ola, siete de ellos como titular.<\/p>\n<blockquote class=\"twitter-tweet\" data-lang=\"es\"><p>\nENTRENAMIENTO| <a href=\"https:\/\/twitter.com\/yosoy8a\">@yosoy8a<\/a>, Kameni y sus compa\u00f1eros est\u00e1n preparados para el <a href=\"https:\/\/twitter.com\/hashtag\/MCFvLUD?src=hash\">#MCFvLUD<\/a> \u27a1<a href=\"https:\/\/t.co\/M6ch2TYd10\">https:\/\/t.co\/M6ch2TYd10<\/a> <a href=\"https:\/\/t.co\/SurffTVMs8\">pic.twitter.com\/SurffTVMs8<\/a><\/p>\n<p>\u2014 M\u00e1laga CF (@MalagaCF) <a href=\"https:\/\/twitter.com\/MalagaCF\/status\/726739532566122496\">1 de mayo de 2016<\/a>\n<\/p><\/blockquote>\n<p><script src=\"\/\/platform.twitter.com\/widgets.js\" async=\"\" charset=\"utf-8\"><\/script><\/p>\n<p style=\"text-align: center;\"><span style=\"color: #3366ff;\"><strong>LEER M\u00c1S: Memo Ochoa interesa al Sevilla<\/strong><\/span><\/p>\n<p>Cabe apuntar que el arquero mexicano <strong>Memo Ochoa<\/strong> y el camerun\u00e9s <strong>Carlos Kameni<\/strong> est\u00e1n a las puertas de ingresar al libro de los r\u00e9cords del M\u00e1laga. Y es que est\u00e1n a solo un paso de romper la marca de menos goles permitidos en una temporada, impuesta por los Boquerones hace 43 a\u00f1os. En el ciclo 1972-1973, apenas concedieron 29 goles en 34 cotejos, para un promedio de 0.85 tantos por partido.<\/p>\n<p>Cuando solo faltan tres fechas para que concluya la Liga 2015-16, entre <strong>Carlos Kameni<\/strong> y <strong>Memo Ochoa<\/strong> solo han concedido 32 dianas en 35 partidos, es decir, 0.91 tantos por encuentro; el camerun\u00e9s disput\u00f3 28 compromisos y le encajaron 25 tantos, mientras el mexicano lleva ocho apariciones como titular y siete goles en contra.<\/p>\n","protected":false},"excerpt":{"rendered":"<p>Carlos Kameni regres\u00f3 a la convocatoria del M\u00e1laga<\/p>\n","protected":false},"author":20,"featured_media":387761,"comment_status":"closed","ping_status":"closed","sticky":false,"template":"","format":"standard","meta":[],"categories":[5,3839,3844,6718],"tags":[679,4545],"_links":{"self":[{"href":"http:\/\/desarrollo.grupomedios.com\/futbol\/wp-json\/wp\/v2\/posts\/393208"}],"collection":[{"href":"http:\/\/desarrollo.grupomedios.com\/futbol\/wp-json\/wp\/v2\/posts"}],"about":[{"href":"http:\/\/desarrollo.grupomedios.com\/futbol\/wp-json\/wp\/v2\/types\/post"}],"author":[{"embeddable":true,"href":"http:\/\/desarrollo.grupomedios.com\/futbol\/wp-json\/wp\/v2\/users\/20"}],"replies":[{"embeddable":true,"href":"http:\/\/desarrollo.grupomedios.com\/futbol\/wp-json\/wp\/v2\/comments?post=393208"}],"version-history":[{"count":0,"href":"http:\/\/desarrollo.grupomedios.com\/futbol\/wp-json\/wp\/v2\/posts\/393208\/revisions"}],"wp:featuredmedia":[{"embeddable":true,"href":"http:\/\/desarrollo.grupomedios.com\/futbol\/wp-json\/wp\/v2\/media\/387761"}],"wp:attachment":[{"href":"http:\/\/desarrollo.grupomedios.com\/futbol\/wp-json\/wp\/v2\/media?parent=393208"}],"wp:term":[{"taxonomy":"category","embeddable":true,"href":"http:\/\/desarrollo.grupomedios.com\/futbol\/wp-json\/wp\/v2\/categories?post=393208"},{"taxonomy":"post_tag","embeddable":true,"href":"http:\/\/desarrollo.grupomedios.com\/futbol\/wp-json\/wp\/v2\/tags?post=393208"}],"curies":[{"name":"wp","href":"https:\/\/api.w.org\/{rel}","templated":true}]}}